{"id":63680,"date":"2022-07-07T09:59:03","date_gmt":"2022-07-07T14:59:03","guid":{"rendered":"https:\/\/nvnoticias.mx\/?p=63680"},"modified":"2022-07-07T09:59:04","modified_gmt":"2022-07-07T14:59:04","slug":"sube-inflacion-a-7-99-en-junio","status":"publish","type":"post","link":"https:\/\/nvnoticias.mx\/index.php\/2022\/07\/07\/sube-inflacion-a-7-99-en-junio\/","title":{"rendered":"Sube inflaci\u00f3n a 7.99% en junio"},"content":{"rendered":"\n<p>El<strong>&nbsp;\u00cdndice Nacional de Precios al Consumidor (INPC)<\/strong>&nbsp;continu\u00f3 con su tendencia alcista y registr\u00f3 una variaci\u00f3n anual de 7.99 por ciento en junio del presente a\u00f1o, presionados por el&nbsp;aumento en los precios&nbsp;de la papa y otros tub\u00e9rculos, pollo, loncher\u00edas y fondas, y naranja.<\/p>\n\n\n\n<p>De acuerdo con el Instituto Nacional de Estad\u00edstica y Geograf\u00eda (Inegi),&nbsp;<strong>el INPC registr\u00f3 su nivel m\u00e1s alto desde enero del 2001<\/strong>, cuando se ubic\u00f3 en 8.11 por ciento.<\/p>\n\n\n\n<p>Dicho incremento se da luego de una desaceleraci\u00f3n en 7.65 por ciento en mayo y 7.68 por ciento en abril.<\/p>\n\n\n\n<p>As\u00ed, la&nbsp;<strong>inflaci\u00f3n<\/strong>&nbsp;se ha ubicado 16 meses consecutivos por encima del rango objetivo fijado por el Banco de M\u00e9xico (3 por ciento, +\/- un punto porcentual).<\/p>\n\n\n\n<p>El resultado del INPC estuvo por encima de las expectativas del mercado, el cual estimaba 7.96 por ciento a tasa anual, de acuerdo con Citibanamex.<\/p>\n\n\n\n<p>El&nbsp;<strong>\u00edndice de precios subyacente<\/strong>, que es aquel que excluye de su contabilidad los productos de alta volatilidad de precios, volvi\u00f3 a acelerar y se ubic\u00f3 en 7.49 por ciento a tasa anual, su variaci\u00f3n m\u00e1s alta desde diciembre del 2000, cuando subi\u00f3 a 7.85 por ciento.<\/p>\n\n\n\n<p>En su interior, los&nbsp;<strong>precios de los servicios<\/strong>&nbsp;se ubicaron en 4.76 por ciento, mientras que el alza en los precios de las mercanc\u00edas fue de 9.91 por ciento.<\/p>\n\n\n\n<p>En tanto, la balanza no subyacente, que contabiliza los productos que presentan una alta volatilidad en sus precios, como los productos agr\u00edcolas o los combustibles, se ubic\u00f3 en 9.47 por ciento a tasa anual, su nivel m\u00e1s alto desde enero pasado.<\/p>\n\n\n\n<p>De manera desagregada, los precios de los productos agropecuarios presentaron una variaci\u00f3n de 15.02 por ciento, mientras que la de los de los energ\u00e9ticos y tarifas autorizadas por el Gobierno se ubic\u00f3 en 5.22 por ciento, esto respecto al mismo periodo del a\u00f1o pasado.<\/p>\n\n\n\n<p>Por su parte, el<strong>&nbsp;\u00cdndice de Precios de la Canasta de Consumo M\u00ednimo&nbsp;<\/strong>aument\u00f3 a tasa mensual 0.97 por ciento y anual, 8.55 por ciento.<\/p>\n\n\n\n<p>En su comparaci\u00f3n respecto al mes anterior, el INPC escal\u00f3 a 0.84 por ciento, su variaci\u00f3n m\u00e1s alta desde marzo pasado.<\/p>\n\n\n\n<p>Entre los productos gen\u00e9ricos cuyas variaciones de precios destacaron por su incidencia sobre la inflaci\u00f3n general fueron<strong>&nbsp;la papa y otros tub\u00e9rculos<\/strong>&nbsp;(28.62 por ciento);&nbsp;<strong>pollo<\/strong>&nbsp;(3.35 por ciento);&nbsp;<strong>loncher\u00edas, fondas, torter\u00edas y taquer\u00edas<\/strong>&nbsp;(0.96 por ciento);&nbsp;<strong>naranja<\/strong>&nbsp;(24.85 por ciento) y&nbsp;<strong>electricidad<\/strong>&nbsp;(2.59 por ciento).<\/p>\n\n\n\n<p>Por el contrario, los productos que presentaron disminuci\u00f3n en sus precios fueron el gas dom\u00e9stico LP (2.13 por ciento); lim\u00f3n (17.02 por ciento); chile serrano (17.18 por ciento); cebolla (4.58 por ciento) y uva (14.88 por ciento).<\/p>\n\n\n\n<p>Fuente: <a href=\"https:\/\/www.elfinanciero.com.mx\/economia\/2022\/07\/07\/inflacion-toma-vuelo-y-sube-a-799-en-junio\/?outputType=amp\" data-type=\"URL\" data-id=\"https:\/\/www.elfinanciero.com.mx\/economia\/2022\/07\/07\/inflacion-toma-vuelo-y-sube-a-799-en-junio\/?outputType=amp\">El Financiero <\/a><\/p>\n","protected":false},"excerpt":{"rendered":"<p>El&nbsp;\u00cdndice Nacional de Precios al Consumidor (INPC)&nbsp;continu\u00f3 con su tendencia alcista y registr\u00f3 una variaci\u00f3n anual de 7.99 por ciento en junio del presente a\u00f1o, presionados por el&nbsp;aumento en los precios&nbsp;de la papa y otros tub\u00e9rculos, pollo, loncher\u00edas y fondas, y naranja. De acuerdo con el Instituto Nacional de Estad\u00edstica y Geograf\u00eda (Inegi),&nbsp;el INPC registr\u00f3 [&hellip;]<\/p>\n","protected":false},"author":35,"featured_media":31865,"comment_status":"open","ping_status":"open","sticky":false,"template":"","format":"standard","meta":{"_monsterinsights_skip_tracking":false,"_monsterinsights_sitenote_active":false,"_monsterinsights_sitenote_note":"","_monsterinsights_sitenote_category":0,"footnotes":""},"categories":[157],"tags":[2978,3858,162,7741],"class_list":["post-63680","post","type-post","status-publish","format-standard","has-post-thumbnail","hentry","category-nacional","tag-inflacion","tag-junio","tag-portada","tag-sube","wp-image-borders"],"amp_enabled":true,"_links":{"self":[{"href":"https:\/\/nvnoticias.mx\/index.php\/wp-json\/wp\/v2\/posts\/63680","targetHints":{"allow":["GET"]}}],"collection":[{"href":"https:\/\/nvnoticias.mx\/index.php\/wp-json\/wp\/v2\/posts"}],"about":[{"href":"https:\/\/nvnoticias.mx\/index.php\/wp-json\/wp\/v2\/types\/post"}],"author":[{"embeddable":true,"href":"https:\/\/nvnoticias.mx\/index.php\/wp-json\/wp\/v2\/users\/35"}],"replies":[{"embeddable":true,"href":"https:\/\/nvnoticias.mx\/index.php\/wp-json\/wp\/v2\/comments?post=63680"}],"version-history":[{"count":5,"href":"https:\/\/nvnoticias.mx\/index.php\/wp-json\/wp\/v2\/posts\/63680\/revisions"}],"predecessor-version":[{"id":63685,"href":"https:\/\/nvnoticias.mx\/index.php\/wp-json\/wp\/v2\/posts\/63680\/revisions\/63685"}],"wp:featuredmedia":[{"embeddable":true,"href":"https:\/\/nvnoticias.mx\/index.php\/wp-json\/wp\/v2\/media\/31865"}],"wp:attachment":[{"href":"https:\/\/nvnoticias.mx\/index.php\/wp-json\/wp\/v2\/media?parent=63680"}],"wp:term":[{"taxonomy":"category","embeddable":true,"href":"https:\/\/nvnoticias.mx\/index.php\/wp-json\/wp\/v2\/categories?post=63680"},{"taxonomy":"post_tag","embeddable":true,"href":"https:\/\/nvnoticias.mx\/index.php\/wp-json\/wp\/v2\/tags?post=63680"}],"curies":[{"name":"wp","href":"https:\/\/api.w.org\/{rel}","templated":true}]}}