{"id":63577,"date":"2022-07-06T13:07:36","date_gmt":"2022-07-06T18:07:36","guid":{"rendered":"https:\/\/nvnoticias.mx\/?p=63577"},"modified":"2022-07-06T13:09:51","modified_gmt":"2022-07-06T18:09:51","slug":"aseguran-43-migrantes-en-municipios-del-sur-de-veracruz","status":"publish","type":"post","link":"https:\/\/nvnoticias.mx\/index.php\/2022\/07\/06\/aseguran-43-migrantes-en-municipios-del-sur-de-veracruz\/","title":{"rendered":"Aseguran 43 migrantes en municipios del sur de Veracruz"},"content":{"rendered":"\n<p>Polic\u00edas estatales aseguraron a 43 migrantes en municipios ubicados al sur de Veracruz. Las personas son originarias de Guatemala, Honduras, Nicaragua y Ecuador. <\/p>\n\n\n\n<p>Las personas fueron aseguradas en operativos y filtros migratorios que se realizaron en los municipios de Agua Dulce, Alvarado,\u00a0Cosoleacaque, Sayula de Alem\u00e1n y Tres Valles. <\/p>\n\n\n\n<p>En el despliegue participaron la Secretar\u00eda de Seguridad P\u00fablica en coordinaci\u00f3n con la Secretar\u00eda de la Defensa Nacional, Guardia Nacional y el Instituto Nacional de Migraci\u00f3n (INM). <\/p>\n\n\n\n<p>Los migrantes recibieron atenci\u00f3n m\u00e9dica y alimentaci\u00f3n, en seguimiento a los protocolo correspondientes.\u00a0Despu\u00e9s, quedaron a disposici\u00f3n del\u00a0Instituto Nacional de Migraci\u00f3n, instancia que definir\u00e1 su situaci\u00f3n legal. <\/p>\n\n\n\n<p>Fuente: <a href=\"https:\/\/www.milenio.com\/estados\/veracruz-aseguran-43-migrantes-zona-sur\" data-type=\"URL\" data-id=\"https:\/\/www.milenio.com\/estados\/veracruz-aseguran-43-migrantes-zona-sur\">Milenio<\/a><\/p>\n","protected":false},"excerpt":{"rendered":"<p>Polic\u00edas estatales aseguraron a 43 migrantes en municipios ubicados al sur de Veracruz. Las personas son originarias de Guatemala, Honduras, Nicaragua y Ecuador. Las personas fueron aseguradas en operativos y filtros migratorios que se realizaron en los municipios de Agua Dulce, Alvarado,\u00a0Cosoleacaque, Sayula de Alem\u00e1n y Tres Valles. En el despliegue participaron la Secretar\u00eda de [&hellip;]<\/p>\n","protected":false},"author":35,"featured_media":33566,"comment_status":"open","ping_status":"open","sticky":false,"template":"","format":"standard","meta":{"_monsterinsights_skip_tracking":false,"_monsterinsights_sitenote_active":false,"_monsterinsights_sitenote_note":"","_monsterinsights_sitenote_category":0,"footnotes":""},"categories":[156],"tags":[8773,452,16869,180],"class_list":["post-63577","post","type-post","status-publish","format-standard","has-post-thumbnail","hentry","category-estado","tag-aseguran","tag-migrantes","tag-municipios-del-sur","tag-veracruz","wp-image-borders"],"amp_enabled":true,"_links":{"self":[{"href":"https:\/\/nvnoticias.mx\/index.php\/wp-json\/wp\/v2\/posts\/63577","targetHints":{"allow":["GET"]}}],"collection":[{"href":"https:\/\/nvnoticias.mx\/index.php\/wp-json\/wp\/v2\/posts"}],"about":[{"href":"https:\/\/nvnoticias.mx\/index.php\/wp-json\/wp\/v2\/types\/post"}],"author":[{"embeddable":true,"href":"https:\/\/nvnoticias.mx\/index.php\/wp-json\/wp\/v2\/users\/35"}],"replies":[{"embeddable":true,"href":"https:\/\/nvnoticias.mx\/index.php\/wp-json\/wp\/v2\/comments?post=63577"}],"version-history":[{"count":1,"href":"https:\/\/nvnoticias.mx\/index.php\/wp-json\/wp\/v2\/posts\/63577\/revisions"}],"predecessor-version":[{"id":63579,"href":"https:\/\/nvnoticias.mx\/index.php\/wp-json\/wp\/v2\/posts\/63577\/revisions\/63579"}],"wp:featuredmedia":[{"embeddable":true,"href":"https:\/\/nvnoticias.mx\/index.php\/wp-json\/wp\/v2\/media\/33566"}],"wp:attachment":[{"href":"https:\/\/nvnoticias.mx\/index.php\/wp-json\/wp\/v2\/media?parent=63577"}],"wp:term":[{"taxonomy":"category","embeddable":true,"href":"https:\/\/nvnoticias.mx\/index.php\/wp-json\/wp\/v2\/categories?post=63577"},{"taxonomy":"post_tag","embeddable":true,"href":"https:\/\/nvnoticias.mx\/index.php\/wp-json\/wp\/v2\/tags?post=63577"}],"curies":[{"name":"wp","href":"https:\/\/api.w.org\/{rel}","templated":true}]}}