{"id":63571,"date":"2022-07-06T12:53:09","date_gmt":"2022-07-06T17:53:09","guid":{"rendered":"https:\/\/nvnoticias.mx\/?p=63571"},"modified":"2022-07-06T12:53:10","modified_gmt":"2022-07-06T17:53:10","slug":"cumple-pri-25-anos-que-dejo-de-ser-mayoria-en-el-congreso-y-sigue-en-picada","status":"publish","type":"post","link":"https:\/\/nvnoticias.mx\/index.php\/2022\/07\/06\/cumple-pri-25-anos-que-dejo-de-ser-mayoria-en-el-congreso-y-sigue-en-picada\/","title":{"rendered":"Cumple PRI 25 a\u00f1os que dej\u00f3 de ser mayor\u00eda en el Congreso y sigue en picada"},"content":{"rendered":"\n<p>El Partido Revolucionario Institucional (PRI) cumple este mi\u00e9rcoles 25 a\u00f1os de perder por primera vez la mayor\u00eda absoluta en el Congreso, y con ello su hegemon\u00eda, en medio de una crisis actual, con un dirigente investigado por corrupci\u00f3n y retos para sobrevivir.<\/p>\n\n\n\n<p><strong>El PRI, que gobern\u00f3 M\u00e9xico por m\u00e1s de 70 a\u00f1os, perdi\u00f3 en las elecciones del 6 de julio de 1997<\/strong>&nbsp;su mayor\u00eda en la C\u00e1mara de Diputados y el Gobierno de la capital, mientras que ahora tiene menos de 10% de los diputados federales y solo dos estados gobernados, Estado de M\u00e9xico y Coahuila, al que sumar\u00e1 Durango.<\/p>\n\n\n\n<p>Por ello, este hecho hist\u00f3rico \u201csignifica la conclusi\u00f3n del gran periodo de partido hegem\u00f3nico en M\u00e9xico\u201d, apunta V\u00edctor Alejandro Espinoza, presidente del Colegio de la Frontera Norte (Colef), quien por d\u00e9cadas ha investigado el desempe\u00f1o del PRI.<\/p>\n\n\n\n<blockquote class=\"wp-block-quote is-layout-flow wp-block-quote-is-layout-flow\"><p>\u201cEl a\u00f1o 1997 inaugura este cambio hacia un partido dominante y la era de los Gobiernos divididos. Entonces s\u00ed es un dato muy relevante porque empieza un periodo largo de p\u00e9rdida de elecciones a niveles local y a nivel federal por parte del PRI\u201d, comenta el investigador de pol\u00edtica a\u00a0<em>Efe<\/em>.<\/p><\/blockquote>\n\n\n\n<p>Tambi\u00e9n represent\u00f3 una democratizaci\u00f3n del pa\u00eds, del Congreso y de la vida p\u00fablica \u201cporque ya no solo se hablaba del partido en el Gobierno y del partido de Estado\u201d, sino de una diversidad de ideolog\u00edas, opina Ulises Corona, profesor de Pol\u00edtica de la Universidad Nacional Aut\u00f3noma de M\u00e9xico (UNAM).<\/p>\n\n\n\n<blockquote class=\"wp-block-quote is-layout-flow wp-block-quote-is-layout-flow\"><p>\u201cSe diversifican la opini\u00f3n p\u00fablica, la opini\u00f3n de los medios, y los propios medios de una u otra tendencia. Es decir, no solo fue la democratizaci\u00f3n del sistema pol\u00edtico, sino del pensamiento p\u00fablico que permiti\u00f3 otras opciones\u201d, expone el acad\u00e9mico en entrevista.<\/p><\/blockquote>\n\n\n\n<p>De controlar todo el territorio nacional en el siglo 20, el PRI ha sufrido una debacle en las elecciones presidenciales de 2018 y las intermedias de 2021 en medio del ascenso del presidente Andr\u00e9s Manuel L\u00f3pez Obrador y su partido, Movimiento Regeneraci\u00f3n Nacional (Morena).<\/p>\n\n\n\n<p>Con su triunfo electoral, L\u00f3pez Obrador \u201cdej\u00f3 hu\u00e9rfano\u201d al PRI con presuntos acuerdos con sus antiguos dirigentes y la incorporaci\u00f3n de priistas a Morena, argumenta Corona.<\/p>\n\n\n\n<p>\u201cEl PRI se qued\u00f3 hu\u00e9rfano de padre, de ideolog\u00eda y de militancia. Y si eso no fuera suficiente, hasta de recursos, porque de manera contundente han sido recortados\u201d, indica el polit\u00f3logo de la UNAM.<\/p>\n\n\n\n<p>El partido corre \u201cel riesgo de desaparecer, de pulverizarse, de hacerse a\u00f1icos\u201d, dice Corona.<\/p>\n\n\n\n<p>Mientras que Espinoza coincide en que el PRI \u201chasta puede perder el registro nacional\u201d ante el Instituto Nacional Electoral (INE), \u201csi sigue en la ca\u00edda en las preferencias electorales\u201d.<\/p>\n\n\n\n<p>La prueba de supervivencia para el PRI ser\u00e1n las elecciones de 2023, cuando sus bastiones de Estado de M\u00e9xico y Coahuila renovar\u00e1n gobernadores, y las presidenciales de 2024.<\/p>\n\n\n\n<p>La crisis del PRI se ha agudizado con el esc\u00e1ndalo de corrupci\u00f3n de su actual dirigente, Alejandro \u201cAlito\u201d Moreno, investigado por lavado de dinero, evasi\u00f3n fiscal, peculado, abuso de autoridad, uso indebido de atribuciones y facultades por sus periodos como diputado y gobernador de Campeche.<\/p>\n\n\n\n<p>La actual gobernadora de Campeche, Layda Sansores de Morena, ha divulgado audios en los que presuntamente Moreno habla de sobornos a empresarios y pol\u00edticos, lo que ha motivado un cateo de sus propiedades en ese estado del sureste mexicano.<\/p>\n\n\n\n<p>En respuesta, el dirigente del PRI emprendi\u00f3 este mi\u00e9rcoles una gira internacional para denunciar la \u201cpersecuci\u00f3n\u201d del Gobierno de L\u00f3pez Obrador ante las Naciones Unidades, la Organizaci\u00f3n de Estados Americanos (OEA) y la Uni\u00f3n Europea (UE).<\/p>\n\n\n\n<p>\u201cAbordaremos la preocupante situaci\u00f3n que vive el pa\u00eds y el riesgo en el que han puesto a las instituciones y a nuestra democracia\u201d, expuso Moreno en sus redes sociales.<\/p>\n\n\n\n<p>Fuente: <a href=\"https:\/\/www.forbes.com.mx\/hace-25-anios-el-pri-dejo-de-ser-mayoria-en-el-congreso\/\" data-type=\"URL\" data-id=\"https:\/\/www.forbes.com.mx\/hace-25-anios-el-pri-dejo-de-ser-mayoria-en-el-congreso\/\">Forbes<\/a><\/p>\n","protected":false},"excerpt":{"rendered":"<p>El Partido Revolucionario Institucional (PRI) cumple este mi\u00e9rcoles 25 a\u00f1os de perder por primera vez la mayor\u00eda absoluta en el Congreso, y con ello su hegemon\u00eda, en medio de una crisis actual, con un dirigente investigado por corrupci\u00f3n y retos para sobrevivir. El PRI, que gobern\u00f3 M\u00e9xico por m\u00e1s de 70 a\u00f1os, perdi\u00f3 en las [&hellip;]<\/p>\n","protected":false},"author":35,"featured_media":61027,"comment_status":"open","ping_status":"open","sticky":false,"template":"","format":"standard","meta":{"_monsterinsights_skip_tracking":false,"_monsterinsights_sitenote_active":false,"_monsterinsights_sitenote_note":"","_monsterinsights_sitenote_category":0,"footnotes":""},"categories":[158],"tags":[348,7900,16865,208,16866],"class_list":["post-63571","post","type-post","status-publish","format-standard","has-post-thumbnail","hentry","category-politica","tag-congreso","tag-cumple","tag-dejo","tag-pri","tag-ser-mayoria","wp-image-borders"],"amp_enabled":true,"_links":{"self":[{"href":"https:\/\/nvnoticias.mx\/index.php\/wp-json\/wp\/v2\/posts\/63571","targetHints":{"allow":["GET"]}}],"collection":[{"href":"https:\/\/nvnoticias.mx\/index.php\/wp-json\/wp\/v2\/posts"}],"about":[{"href":"https:\/\/nvnoticias.mx\/index.php\/wp-json\/wp\/v2\/types\/post"}],"author":[{"embeddable":true,"href":"https:\/\/nvnoticias.mx\/index.php\/wp-json\/wp\/v2\/users\/35"}],"replies":[{"embeddable":true,"href":"https:\/\/nvnoticias.mx\/index.php\/wp-json\/wp\/v2\/comments?post=63571"}],"version-history":[{"count":1,"href":"https:\/\/nvnoticias.mx\/index.php\/wp-json\/wp\/v2\/posts\/63571\/revisions"}],"predecessor-version":[{"id":63574,"href":"https:\/\/nvnoticias.mx\/index.php\/wp-json\/wp\/v2\/posts\/63571\/revisions\/63574"}],"wp:featuredmedia":[{"embeddable":true,"href":"https:\/\/nvnoticias.mx\/index.php\/wp-json\/wp\/v2\/media\/61027"}],"wp:attachment":[{"href":"https:\/\/nvnoticias.mx\/index.php\/wp-json\/wp\/v2\/media?parent=63571"}],"wp:term":[{"taxonomy":"category","embeddable":true,"href":"https:\/\/nvnoticias.mx\/index.php\/wp-json\/wp\/v2\/categories?post=63571"},{"taxonomy":"post_tag","embeddable":true,"href":"https:\/\/nvnoticias.mx\/index.php\/wp-json\/wp\/v2\/tags?post=63571"}],"curies":[{"name":"wp","href":"https:\/\/api.w.org\/{rel}","templated":true}]}}