{"id":63565,"date":"2022-07-06T12:43:38","date_gmt":"2022-07-06T17:43:38","guid":{"rendered":"https:\/\/nvnoticias.mx\/?p=63565"},"modified":"2022-07-06T12:43:40","modified_gmt":"2022-07-06T17:43:40","slug":"acusan-dirigentes-estatales-del-pri-a-amlo-de-persecucion-contra-alito","status":"publish","type":"post","link":"https:\/\/nvnoticias.mx\/index.php\/2022\/07\/06\/acusan-dirigentes-estatales-del-pri-a-amlo-de-persecucion-contra-alito\/","title":{"rendered":"Acusan dirigentes estatales del PRI a AMLO de persecuci\u00f3n contra \u2018Alito\u2019"},"content":{"rendered":"\n<p>Dirigentes estatales del PRI acusaron al presidente Andr\u00e9s Manuel L\u00f3pez Obrador de una persecuci\u00f3n pol\u00edtica contra su dirigente nacional Alejandro Moreno \u201cAlito\u201d, por haber rechazado las reformas del mandatario, como la el\u00e9ctrica y la electoral.<\/p>\n\n\n\n<blockquote class=\"wp-block-quote is-layout-flow wp-block-quote-is-layout-flow\"><p>\u201cEl presidente Andr\u00e9s Manuel L\u00f3pez Obrador degrada la aplicaci\u00f3n de la ley y la acci\u00f3n pol\u00edtica, y usa la fuerza del Estado como un juego de poder para aniquilar a sus adversarios\u201d, denunciaron los 32 dirigentes estatales.<\/p><\/blockquote>\n\n\n\n<p>El PRI se\u00f1al\u00f3 en comunicado que ya enviaron una carta al titular del Ejecutivo, en la cual condenaron que su gobierno \u201cse conduzca con resentimientos y odios contra quienes no comulgan con sus ideas\u201d.<\/p>\n\n\n\n<p>Agregaron que el presidente utiliza sus conferencias matutinas para abrazar a sus seguidores y para rechazar y condenar a quienes considera sus adversarios, lo que impulsa entre los mexicanos un escenario de divisi\u00f3n y de confrontaci\u00f3n.<\/p>\n\n\n\n<p>Consideraron que el rechazo a las iniciativas del mandatario federal, como la reforma el\u00e9ctrica y la electoral, y la oposici\u00f3n que se ha mantenido la alianza Va por M\u00e9xico<em>,<\/em>&nbsp;\u201cha tenido como respuesta una embestida del presidente, usando la fuerza del Estado contra los dirigentes y diputados de los partidos que la integran\u201d.<\/p>\n\n\n\n<p>Los priistas mencionaron que con el cateo que realiz\u00f3 la Fiscal\u00eda de Campeche ayer se ratifica que el mandatario federal y Morena no son capaces de defenderse con argumentos frente a las cr\u00edticas \u201ca su mal gobierno\u201d, sin embargo, destacaron que las agresiones contra el l\u00edder priista fortalecen la unidad interna.<\/p>\n\n\n\n<p>Adem\u00e1s, dijeron que el cateo exhibi\u00f3 los excesos de la gobernadora de Campeche, Layda Sansores, para ganar la simpat\u00eda del presidente a trav\u00e9s de un esquema de linchamiento medi\u00e1tico que L\u00f3pez Obrador reconoci\u00f3 que humilla y vulnera la dignidad de las personas.<\/p>\n\n\n\n<p>Tras el cateo a una de sus residencias, Alejandro Moreno \u201cAlito\u201d acudi\u00f3 a Suiza para estar en la reuni\u00f3n de la Internacional Socialista con el fin de denunciar presuntos ataques en su contra de parte del gobierno federal.<\/p>\n\n\n\n<p>El l\u00edder del PRI expuso que despu\u00e9s ir\u00e1 al Parlamento Europeo y congresos de otros pa\u00edses.<\/p>\n\n\n\n<p>\u201cVamos a hacer una campa\u00f1a internacional para denunciar y que el mundo ponga los ojos en M\u00e9xico\u201d, informaron.<\/p>\n\n\n\n<p>Denunciaron que con los ataques en su contra lo que Morena y el gobierno buscan es destruir a la coalici\u00f3n Va por M\u00e9xico, integrada por el PAN, PRI y PRD.<\/p>\n\n\n\n<p>\u201cNo podemos permitirlo y vamos a fortalecer la coalici\u00f3n Va por M\u00e9xico\u201d, aseveraron.<\/p>\n\n\n\n<p>Fuente: <a href=\"https:\/\/www.forbes.com.mx\/dirigentes-estatales-del-pri-acusan-a-amlo-de-persecucion-contra-alito\/\" data-type=\"URL\" data-id=\"https:\/\/www.forbes.com.mx\/dirigentes-estatales-del-pri-acusan-a-amlo-de-persecucion-contra-alito\/\">Forbes<\/a><\/p>\n","protected":false},"excerpt":{"rendered":"<p>Dirigentes estatales del PRI acusaron al presidente Andr\u00e9s Manuel L\u00f3pez Obrador de una persecuci\u00f3n pol\u00edtica contra su dirigente nacional Alejandro Moreno \u201cAlito\u201d, por haber rechazado las reformas del mandatario, como la el\u00e9ctrica y la electoral. \u201cEl presidente Andr\u00e9s Manuel L\u00f3pez Obrador degrada la aplicaci\u00f3n de la ley y la acci\u00f3n pol\u00edtica, y usa la fuerza [&hellip;]<\/p>\n","protected":false},"author":35,"featured_media":57025,"comment_status":"open","ping_status":"open","sticky":false,"template":"","format":"standard","meta":{"_monsterinsights_skip_tracking":false,"_monsterinsights_sitenote_active":false,"_monsterinsights_sitenote_note":"","_monsterinsights_sitenote_category":0,"footnotes":""},"categories":[158],"tags":[9000,6413,15761,188,16026,16863,15573,208],"class_list":["post-63565","post","type-post","status-publish","format-standard","has-post-thumbnail","hentry","category-politica","tag-acusan","tag-alejandro-moreno","tag-alito","tag-amlo","tag-dirigentes","tag-estatales","tag-persecucion","tag-pri","wp-image-borders"],"amp_enabled":true,"_links":{"self":[{"href":"https:\/\/nvnoticias.mx\/index.php\/wp-json\/wp\/v2\/posts\/63565","targetHints":{"allow":["GET"]}}],"collection":[{"href":"https:\/\/nvnoticias.mx\/index.php\/wp-json\/wp\/v2\/posts"}],"about":[{"href":"https:\/\/nvnoticias.mx\/index.php\/wp-json\/wp\/v2\/types\/post"}],"author":[{"embeddable":true,"href":"https:\/\/nvnoticias.mx\/index.php\/wp-json\/wp\/v2\/users\/35"}],"replies":[{"embeddable":true,"href":"https:\/\/nvnoticias.mx\/index.php\/wp-json\/wp\/v2\/comments?post=63565"}],"version-history":[{"count":1,"href":"https:\/\/nvnoticias.mx\/index.php\/wp-json\/wp\/v2\/posts\/63565\/revisions"}],"predecessor-version":[{"id":63567,"href":"https:\/\/nvnoticias.mx\/index.php\/wp-json\/wp\/v2\/posts\/63565\/revisions\/63567"}],"wp:featuredmedia":[{"embeddable":true,"href":"https:\/\/nvnoticias.mx\/index.php\/wp-json\/wp\/v2\/media\/57025"}],"wp:attachment":[{"href":"https:\/\/nvnoticias.mx\/index.php\/wp-json\/wp\/v2\/media?parent=63565"}],"wp:term":[{"taxonomy":"category","embeddable":true,"href":"https:\/\/nvnoticias.mx\/index.php\/wp-json\/wp\/v2\/categories?post=63565"},{"taxonomy":"post_tag","embeddable":true,"href":"https:\/\/nvnoticias.mx\/index.php\/wp-json\/wp\/v2\/tags?post=63565"}],"curies":[{"name":"wp","href":"https:\/\/api.w.org\/{rel}","templated":true}]}}