{"id":63125,"date":"2022-07-04T10:34:42","date_gmt":"2022-07-04T15:34:42","guid":{"rendered":"https:\/\/nvnoticias.mx\/?p=63125"},"modified":"2022-07-04T10:34:44","modified_gmt":"2022-07-04T15:34:44","slug":"que-se-desmonte-estatua-de-la-libertad-si-se-condena-a-assange-en-eu-amlo","status":"publish","type":"post","link":"https:\/\/nvnoticias.mx\/index.php\/2022\/07\/04\/que-se-desmonte-estatua-de-la-libertad-si-se-condena-a-assange-en-eu-amlo\/","title":{"rendered":"Que se desmonte estatua de la Libertad si se condena a Assange en EU: AMLO"},"content":{"rendered":"\n<p>El presidente Andr\u00e9s Manuel L\u00f3pez Obrador dijo este lunes que si se condena a Julian Assange en Estados Unidos por el caso WikiLeaks se debe iniciar una campa\u00f1a para desmontar la estatua de la Libertad en Nueva York pues ese pa\u00eds habr\u00eda perdido su identidad.<\/p>\n\n\n\n<p>En conferencia de prensa desde Palacio Nacional, el mandatario federal afirm\u00f3 que una condena en contra del periodista significar\u00eda una p\u00e9rdida del simbolismo que representa la efigie y consider\u00f3 que los medios de comunicaci\u00f3n deber\u00edan llamar a una gran concentraci\u00f3n para exigir el indulto al activista.<\/p>\n\n\n\n<blockquote class=\"wp-block-quote is-layout-flow wp-block-quote-is-layout-flow\"><p>\u201cHace unos d\u00edas di a conocer un reportaje del\u00a0<em>New York Times<\/em>\u00a0hablando del s\u00faper polic\u00eda, Genaro Garc\u00eda Luna, y es el\u00a0<em>New York Times<\/em>, y el\u00a0<em>Financial Times<\/em>\u00a0hace lo mismo y el\u00a0<em>Wall Street Journal<\/em>, y todos, o sea, estamos hablando de esto de Assange, \u00bfqu\u00e9 no vale la pena que se ocupe el\u00a0<em>New York Times<\/em>\u00a0del asunto,\u00a0<em>El Pa\u00eds<\/em>\u00a0y convocar a un encuentro de la prensa m\u00e1s importante del mundo para exhortar, pedir, llamar, para que se le otorgue un indulto a Assange?<\/p><\/blockquote>\n\n\n\n<blockquote class=\"wp-block-quote is-layout-flow wp-block-quote-is-layout-flow\"><p>\u201cSi no lo hacen van a quedar manchados y ya hay que empezar con la campa\u00f1a de que si lo llevan a EU, y lo condenan a pena m\u00e1xima y a morir en prisi\u00f3n, hay que empezar la campa\u00f1a de que se desmonte la Estatua de la Libertad que entregaron los franceses y que est\u00e1 en Nueva York, porque ya no es s\u00edmbolo de libertad\u201d, lanz\u00f3 el jefe del Ejecutivo federal.<\/p><\/blockquote>\n\n\n\n<p>La ministra brit\u00e1nica del Interior, Priti Patel, aprob\u00f3 la extradici\u00f3n del fundador de WikiLeaks, Julian Assange, a Estados Unidos para que se enfrente a cargos penales.<\/p>\n\n\n\n<p>Las autoridades estadounidenses reclaman a Assange por 18 cargos, entre ellos el de espionaje, en relaci\u00f3n con la publicaci\u00f3n por parte de WikiLeaks de grandes cantidades de documentos militares y cables diplom\u00e1ticos confidenciales de Estados Unidos que, seg\u00fan Washington, han puesto vidas en peligro.<\/p>\n\n\n\n<p>L\u00f3pez Obrador coment\u00f3 que pedir\u00e1 a su hom\u00f3logo de Estados Unidos, Joe Biden, revisar el caso del periodista australiano Julian Assange, a quien las autoridades estadounidenses buscan juzgar por las graves revelaciones de su portal WikiLeaks.<\/p>\n\n\n\n<blockquote class=\"wp-block-quote is-layout-flow wp-block-quote-is-layout-flow\"><p>\u201cYo quiero plantear que s\u00ed voy a pedir al presidente Biden que se atienda este asunto, estoy consciente de que va en contra de grupos duros severos que hay en Estados Unidos como en todos los pa\u00edses pero tambi\u00e9n debe de prevalecer el humanismo\u201d, dijo.<\/p><\/blockquote>\n\n\n\n<p>Fuente: <a href=\"https:\/\/www.forbes.com.mx\/que-se-inicie-campana-para-desmontar-estatua-de-la-libertad-si-se-condena-a-assange-en-eu-amlo\/\" data-type=\"URL\" data-id=\"https:\/\/www.forbes.com.mx\/que-se-inicie-campana-para-desmontar-estatua-de-la-libertad-si-se-condena-a-assange-en-eu-amlo\/\">Forbes<\/a> <\/p>\n","protected":false},"excerpt":{"rendered":"<p>El presidente Andr\u00e9s Manuel L\u00f3pez Obrador dijo este lunes que si se condena a Julian Assange en Estados Unidos por el caso WikiLeaks se debe iniciar una campa\u00f1a para desmontar la estatua de la Libertad en Nueva York pues ese pa\u00eds habr\u00eda perdido su identidad. En conferencia de prensa desde Palacio Nacional, el mandatario federal [&hellip;]<\/p>\n","protected":false},"author":35,"featured_media":33460,"comment_status":"open","ping_status":"open","sticky":false,"template":"","format":"standard","meta":{"_monsterinsights_skip_tracking":false,"_monsterinsights_sitenote_active":false,"_monsterinsights_sitenote_note":"","_monsterinsights_sitenote_category":0,"footnotes":""},"categories":[158],"tags":[188,16750,16748,183,16749,8339],"class_list":["post-63125","post","type-post","status-publish","format-standard","has-post-thumbnail","hentry","category-politica","tag-amlo","tag-condenada","tag-desmonte","tag-estados-unidos","tag-estatua-de-la-libertad","tag-julian-assange","wp-image-borders"],"amp_enabled":true,"_links":{"self":[{"href":"https:\/\/nvnoticias.mx\/index.php\/wp-json\/wp\/v2\/posts\/63125","targetHints":{"allow":["GET"]}}],"collection":[{"href":"https:\/\/nvnoticias.mx\/index.php\/wp-json\/wp\/v2\/posts"}],"about":[{"href":"https:\/\/nvnoticias.mx\/index.php\/wp-json\/wp\/v2\/types\/post"}],"author":[{"embeddable":true,"href":"https:\/\/nvnoticias.mx\/index.php\/wp-json\/wp\/v2\/users\/35"}],"replies":[{"embeddable":true,"href":"https:\/\/nvnoticias.mx\/index.php\/wp-json\/wp\/v2\/comments?post=63125"}],"version-history":[{"count":5,"href":"https:\/\/nvnoticias.mx\/index.php\/wp-json\/wp\/v2\/posts\/63125\/revisions"}],"predecessor-version":[{"id":63130,"href":"https:\/\/nvnoticias.mx\/index.php\/wp-json\/wp\/v2\/posts\/63125\/revisions\/63130"}],"wp:featuredmedia":[{"embeddable":true,"href":"https:\/\/nvnoticias.mx\/index.php\/wp-json\/wp\/v2\/media\/33460"}],"wp:attachment":[{"href":"https:\/\/nvnoticias.mx\/index.php\/wp-json\/wp\/v2\/media?parent=63125"}],"wp:term":[{"taxonomy":"category","embeddable":true,"href":"https:\/\/nvnoticias.mx\/index.php\/wp-json\/wp\/v2\/categories?post=63125"},{"taxonomy":"post_tag","embeddable":true,"href":"https:\/\/nvnoticias.mx\/index.php\/wp-json\/wp\/v2\/tags?post=63125"}],"curies":[{"name":"wp","href":"https:\/\/api.w.org\/{rel}","templated":true}]}}