{"id":63089,"date":"2022-07-04T09:26:56","date_gmt":"2022-07-04T14:26:56","guid":{"rendered":"https:\/\/nvnoticias.mx\/?p=63089"},"modified":"2022-07-04T09:26:58","modified_gmt":"2022-07-04T14:26:58","slug":"paisanos-envian-mas-remesas-porque-economia-esta-fregada-con-la-4t-anaya","status":"publish","type":"post","link":"https:\/\/nvnoticias.mx\/index.php\/2022\/07\/04\/paisanos-envian-mas-remesas-porque-economia-esta-fregada-con-la-4t-anaya\/","title":{"rendered":"Paisanos env\u00edan m\u00e1s remesas porque econom\u00eda \u2018est\u00e1 fregada\u2019 con la 4T: Anaya"},"content":{"rendered":"\n<p><strong>Ricardo Anaya Cort\u00e9s<\/strong>, excandidato presidencial, critic\u00f3 este lunes que el presidente Andr\u00e9s Manuel L\u00f3pez Obrador festeje el\u00a0env\u00edo hist\u00f3rico de remesas, pues esto significa que m\u00e1s mexicanas y mexicanos se van del pa\u00eds en busca de oportunidades que aqu\u00ed no encuentran.<\/p>\n\n\n\n<blockquote class=\"wp-block-quote is-layout-flow wp-block-quote-is-layout-flow\"><p>\u201cTe pido que le des el golpe.\u00a0<strong>El presidente nos est\u00e1 presumiendo que est\u00e1n llegando m\u00e1s remesas.<\/strong>\u00a0O sea, \u00bfno le han explicado que si llegan m\u00e1s remesas es por dos razones? Uno: porque m\u00e1s mexicanos se est\u00e1n teniendo que ir. Nadie se va por gusto. Y dos: porque aqu\u00ed en M\u00e9xico ya est\u00e1 tan mal la econom\u00eda, t\u00fa lo sabes, sueldos baj\u00edsimos, todos los precios subiendo, que los de all\u00e1, los\u00a0<strong>paisanos\u00a0<\/strong>en EU, que son unos h\u00e9roes<strong>, est\u00e1n teniendo que mandar m\u00e1s de lo que antes mandaban,<\/strong>\u00a0porque\u00a0<strong>con la 4T la econom\u00eda est\u00e1 m\u00e1s fregada.<\/strong>\u00a0Por eso mandan m\u00e1s remesas\u201d, afirm\u00f3 en su video semanal.<\/p><\/blockquote>\n\n\n\n<p>Anaya Cort\u00e9s destac\u00f3 que si bien la primera raz\u00f3n para que tantas personas se vayan es&nbsp;<strong>econ\u00f3mica<\/strong>, esta no es la \u00fanica.<\/p>\n\n\n\n<blockquote class=\"wp-block-quote is-layout-flow wp-block-quote-is-layout-flow\"><p>\u201cDe hecho en muchos casos la raz\u00f3n m\u00e1s importante por la que m\u00e1s gente est\u00e1 migrando es la\u00a0<strong>inseguridad<\/strong>. O sea, con esa estupidez de \u201cabrazos\u201d para los delincuentes, cada vez hay m\u00e1s territorio en M\u00e9xico donde quien manda son los criminales. Lugares donde de veras ya no se puede vivir en paz\u201d, apunt\u00f3.<a href=\"https:\/\/www.elfinanciero.com.mx\/estados\/2022\/07\/01\/julio-marcial-el-segundo-veracruzano-fallecido-entre-los-migrantes-muertos-de-texas\/\"><\/a><\/p><\/blockquote>\n\n\n\n<hr class=\"wp-block-separator\"\/>\n\n\n\n<p>Sin embargo,<strong>\u00a0L\u00f3pez Obrador parece no entender que mexicanos y mexicanas dejan el pa\u00eds no por gusto sino por necesidad<\/strong>, asegur\u00f3 el panista. Adem\u00e1s, critic\u00f3 nuevamente que el presidente L\u00f3pez Obrador no asisti\u00f3 a la Cumbre de las Am\u00e9ricas para tratar el tema migratorio, pero\u00a0s\u00ed \u201cdefendi\u00f3 a dictadores\u201d de Venezuela, Cuba y Nicaragua.<\/p>\n\n\n\n<p>En tanto, Ricardo Anaya dijo que tiene una&nbsp;<strong>propuesta&nbsp;<\/strong>ante esta situaci\u00f3n.<\/p>\n\n\n\n<p>Advirti\u00f3 que en abril de este a\u00f1o en Estados Unidos se abrieron 11 millones de nuevos puestos de trabajo, mientras que solo 5 millones de personas estaban en busca de uno.<\/p>\n\n\n\n<p>Ante ello, consider\u00f3 que el presidente deber\u00eda proponer la ampliaci\u00f3n de <strong>visas\u00a0de trabajo H2B\u00a0<\/strong>para que las personas puedan migrar de manera segura, ganar dinero en EU y volver a M\u00e9xico.<\/p>\n\n\n\n<p>Para evitar m\u00e1s tragedias como la recientemente ocurrida en\u00a0<strong>Texas<\/strong>, donde migrantes murieron en un tr\u00e1iler,\u00a0es necesario\u00a0<strong>\u201cdejar de poner obst\u00e1culos a la inversi\u00f3n<\/strong>\u00a0para que se genere empleo aqu\u00ed en M\u00e9xico y que la gente no se tenga que ir\u201d, consider\u00f3 Ricardo Anaya.<\/p>\n\n\n\n<p>Adem\u00e1s, es necesario recuperar la paz y la seguridad, as\u00ed como negociar con EU para alcanzar acuerdos, como las visas, que beneficien a ambos pa\u00edses, concluy\u00f3.<\/p>\n\n\n\n<p>Fuente: <a href=\"https:\/\/www.elfinanciero.com.mx\/nacional\/2022\/07\/04\/paisanos-envian-mas-remesas-porque-economia-esta-fregada-con-la-4t-ricardo-anaya\/?outputType=amp\" data-type=\"URL\" data-id=\"https:\/\/www.elfinanciero.com.mx\/nacional\/2022\/07\/04\/paisanos-envian-mas-remesas-porque-economia-esta-fregada-con-la-4t-ricardo-anaya\/?outputType=amp\">El Financiero<\/a> <\/p>\n","protected":false},"excerpt":{"rendered":"<p>Ricardo Anaya Cort\u00e9s, excandidato presidencial, critic\u00f3 este lunes que el presidente Andr\u00e9s Manuel L\u00f3pez Obrador festeje el\u00a0env\u00edo hist\u00f3rico de remesas, pues esto significa que m\u00e1s mexicanas y mexicanos se van del pa\u00eds en busca de oportunidades que aqu\u00ed no encuentran. \u201cTe pido que le des el golpe.\u00a0El presidente nos est\u00e1 presumiendo que est\u00e1n llegando m\u00e1s [&hellip;]<\/p>\n","protected":false},"author":35,"featured_media":27941,"comment_status":"open","ping_status":"open","sticky":false,"template":"","format":"standard","meta":{"_monsterinsights_skip_tracking":false,"_monsterinsights_sitenote_active":false,"_monsterinsights_sitenote_note":"","_monsterinsights_sitenote_category":0,"footnotes":""},"categories":[158],"tags":[1451,384,16736,16737,16735,162,1124,509],"class_list":["post-63089","post","type-post","status-publish","format-standard","has-post-thumbnail","hentry","category-politica","tag-4t","tag-economia","tag-envian","tag-fregada","tag-paisanos","tag-portada","tag-remesas","tag-ricardo-anaya","wp-image-borders"],"amp_enabled":true,"_links":{"self":[{"href":"https:\/\/nvnoticias.mx\/index.php\/wp-json\/wp\/v2\/posts\/63089","targetHints":{"allow":["GET"]}}],"collection":[{"href":"https:\/\/nvnoticias.mx\/index.php\/wp-json\/wp\/v2\/posts"}],"about":[{"href":"https:\/\/nvnoticias.mx\/index.php\/wp-json\/wp\/v2\/types\/post"}],"author":[{"embeddable":true,"href":"https:\/\/nvnoticias.mx\/index.php\/wp-json\/wp\/v2\/users\/35"}],"replies":[{"embeddable":true,"href":"https:\/\/nvnoticias.mx\/index.php\/wp-json\/wp\/v2\/comments?post=63089"}],"version-history":[{"count":4,"href":"https:\/\/nvnoticias.mx\/index.php\/wp-json\/wp\/v2\/posts\/63089\/revisions"}],"predecessor-version":[{"id":63093,"href":"https:\/\/nvnoticias.mx\/index.php\/wp-json\/wp\/v2\/posts\/63089\/revisions\/63093"}],"wp:featuredmedia":[{"embeddable":true,"href":"https:\/\/nvnoticias.mx\/index.php\/wp-json\/wp\/v2\/media\/27941"}],"wp:attachment":[{"href":"https:\/\/nvnoticias.mx\/index.php\/wp-json\/wp\/v2\/media?parent=63089"}],"wp:term":[{"taxonomy":"category","embeddable":true,"href":"https:\/\/nvnoticias.mx\/index.php\/wp-json\/wp\/v2\/categories?post=63089"},{"taxonomy":"post_tag","embeddable":true,"href":"https:\/\/nvnoticias.mx\/index.php\/wp-json\/wp\/v2\/tags?post=63089"}],"curies":[{"name":"wp","href":"https:\/\/api.w.org\/{rel}","templated":true}]}}