{"id":63062,"date":"2022-07-03T12:00:09","date_gmt":"2022-07-03T17:00:09","guid":{"rendered":"https:\/\/nvnoticias.mx\/?p=63062"},"modified":"2022-07-03T12:00:10","modified_gmt":"2022-07-03T17:00:10","slug":"dedican-misa-en-puebla-a-los-53-migrantes-fallecidos-en-texas","status":"publish","type":"post","link":"https:\/\/nvnoticias.mx\/index.php\/2022\/07\/03\/dedican-misa-en-puebla-a-los-53-migrantes-fallecidos-en-texas\/","title":{"rendered":"Dedican misa en Puebla a los 53 migrantes fallecidos en Texas"},"content":{"rendered":"\n<p>El arzobispo de Puebla, V\u00edctor S\u00e1nchez Espinosa, dedic\u00f3 la misa que encabez\u00f3 en la Bas\u00edlica Catedral de la Angel\u00f3polis por el descanso eterno de los 53 migrantes que fallecieron en San Antonio Texas, Estados Unidos, luego de que fueron abandonados dentro de una caja de un tractocami\u00f3n. <\/p>\n\n\n\n<p>Despu\u00e9s de que la noche del pasado lunes 27 de junio, un empleado de la ciudad de San Antonio escuch\u00f3 una llamada de auxilio cerca de una carretera donde estaba trabajando y abri\u00f3 la puerta trasera del tractocami\u00f3n, unidad en la que encontr\u00f3 a migrantes muertos por asfixia, S\u00e1nchez Espinosa se uni\u00f3 a las familias de quienes perdieron a un ser querido o lo siguen buscando en medio del fen\u00f3meno migratorio. <\/p>\n\n\n\n<p>De la unidad pesada que se localiz\u00f3 estacionada junto a las v\u00edas del tren en la zona habitacional de Southwest Side de la ciudad de San Antonio, Texas, a 235 kil\u00f3metros de la frontera sur norteamericana, los socorristas retiraron 46 cad\u00e1veres y 16 personas, incluidos cuatro ni\u00f1os, que fueron trasladados a hospitales cercanos. <\/p>\n\n\n\n<p>Posteriormente, la cifra de muertos aument\u00f3 a 53, entre ellos, 27 mexicanos. Ante la tragedia, S\u00e1nchez Espinosa lament\u00f3 que el fen\u00f3meno migratorio en el Norte del continente americano se est\u00e9 traduciendo en m\u00e1s dolor, sufrimiento y muertes de personas que salen de sus lugares de origen en busca de mejores oportunidades. <\/p>\n\n\n\n<blockquote class=\"wp-block-quote is-layout-flow wp-block-quote-is-layout-flow\"><p>\u201cMe uno al dolor de tantas familias que sufren la muerte de aquellos hermanos migrantes, muchos, la mayor\u00eda mexicanos que van en busca de oportunidades, que murieron en Texas\u201d, expres\u00f3 el arzobispo poblano. <\/p><\/blockquote>\n\n\n\n<p>En su momento, la Dimensi\u00f3n de Movilidad Humana de la arquidi\u00f3cesis de Puebla lament\u00f3 la tragedia que se present\u00f3 en San Antonio, Texas, Estados Unidos, y llam\u00f3 a la colaboraci\u00f3n entre autoridades y sociedad para evitar que se repita un caso similar. Tras darse a conocer los sucesos ocurridos la noche del 27 de junio, la arquidi\u00f3cesis poblana que encabeza el arzobispo V\u00edctor S\u00e1nchez Espinosa envi\u00f3 sus condolencias a todas las familias de quienes murieron. <\/p>\n\n\n\n<blockquote class=\"wp-block-quote is-layout-flow wp-block-quote-is-layout-flow\"><p>\u201cLa Dimensi\u00f3n de Movilidad Humana de la Arquidi\u00f3cesis de Puebla lamenta profundamente esta tragedia, se solidariza y env\u00eda sus condolencias a las familias de los fallecidos. Como Arquidi\u00f3cesis reafirmamos nuestro compromiso de seguir protegiendo, acompa\u00f1ando e integrando a nuestros hermanos migrantes y hacemos un llamado para que las instituciones y la sociedad civil nos solidaricemos con nuestros hermanos migrantes\u201d, destaca el documento. <\/p><\/blockquote>\n\n\n\n<p>En la carta enviada a la comunidad, la arquidi\u00f3cesis manifest\u00f3 su preocupaci\u00f3n por las condiciones de pobreza y los diferentes factores que obligan a diferentes personas y hasta familias a dejar el lugar en el que radican en busca de mejores condiciones de vida. <\/p>\n\n\n\n<p>Fuente: <a href=\"https:\/\/www.milenio.com\/politica\/comunidad\/misa-dominical-en-puebla-es-dedicada-a-migrantes-fallecidos-en-texas\">Milenio<\/a><\/p>\n","protected":false},"excerpt":{"rendered":"<p>El arzobispo de Puebla, V\u00edctor S\u00e1nchez Espinosa, dedic\u00f3 la misa que encabez\u00f3 en la Bas\u00edlica Catedral de la Angel\u00f3polis por el descanso eterno de los 53 migrantes que fallecieron en San Antonio Texas, Estados Unidos, luego de que fueron abandonados dentro de una caja de un tractocami\u00f3n. Despu\u00e9s de que la noche del pasado lunes [&hellip;]<\/p>\n","protected":false},"author":6,"featured_media":63064,"comment_status":"open","ping_status":"open","sticky":false,"template":"","format":"standard","meta":{"_monsterinsights_skip_tracking":false,"_monsterinsights_sitenote_active":false,"_monsterinsights_sitenote_note":"","_monsterinsights_sitenote_category":0,"footnotes":""},"categories":[157],"tags":[452,16452,918],"class_list":["post-63062","post","type-post","status-publish","format-standard","has-post-thumbnail","hentry","category-nacional","tag-migrantes","tag-misa","tag-texas","wp-image-borders"],"amp_enabled":true,"_links":{"self":[{"href":"https:\/\/nvnoticias.mx\/index.php\/wp-json\/wp\/v2\/posts\/63062","targetHints":{"allow":["GET"]}}],"collection":[{"href":"https:\/\/nvnoticias.mx\/index.php\/wp-json\/wp\/v2\/posts"}],"about":[{"href":"https:\/\/nvnoticias.mx\/index.php\/wp-json\/wp\/v2\/types\/post"}],"author":[{"embeddable":true,"href":"https:\/\/nvnoticias.mx\/index.php\/wp-json\/wp\/v2\/users\/6"}],"replies":[{"embeddable":true,"href":"https:\/\/nvnoticias.mx\/index.php\/wp-json\/wp\/v2\/comments?post=63062"}],"version-history":[{"count":1,"href":"https:\/\/nvnoticias.mx\/index.php\/wp-json\/wp\/v2\/posts\/63062\/revisions"}],"predecessor-version":[{"id":63063,"href":"https:\/\/nvnoticias.mx\/index.php\/wp-json\/wp\/v2\/posts\/63062\/revisions\/63063"}],"wp:featuredmedia":[{"embeddable":true,"href":"https:\/\/nvnoticias.mx\/index.php\/wp-json\/wp\/v2\/media\/63064"}],"wp:attachment":[{"href":"https:\/\/nvnoticias.mx\/index.php\/wp-json\/wp\/v2\/media?parent=63062"}],"wp:term":[{"taxonomy":"category","embeddable":true,"href":"https:\/\/nvnoticias.mx\/index.php\/wp-json\/wp\/v2\/categories?post=63062"},{"taxonomy":"post_tag","embeddable":true,"href":"https:\/\/nvnoticias.mx\/index.php\/wp-json\/wp\/v2\/tags?post=63062"}],"curies":[{"name":"wp","href":"https:\/\/api.w.org\/{rel}","templated":true}]}}