{"id":63035,"date":"2022-07-03T10:19:18","date_gmt":"2022-07-03T15:19:18","guid":{"rendered":"https:\/\/nvnoticias.mx\/?p=63035"},"modified":"2022-07-03T10:20:46","modified_gmt":"2022-07-03T15:20:46","slug":"el-ieem-tiene-nueva-presidenta","status":"publish","type":"post","link":"https:\/\/nvnoticias.mx\/index.php\/2022\/07\/03\/el-ieem-tiene-nueva-presidenta\/","title":{"rendered":"El IEEM tiene nueva presidenta"},"content":{"rendered":"\n<p>La nueva presidenta del Instituto Electoral del Estado de M\u00e9xico (IEEM), Amalia Pulido G\u00f3mez, afirm\u00f3 durante su toma de protesta frente al \u00f3rgano electoral que no recibe un cheque en blanco ante su nueva encomienda. <\/p>\n\n\n\n<p>Precis\u00f3 que para la elecci\u00f3n a la gubernatura del 2023 que le toca instrumentar, habr\u00e1 de brindar transparencia. <\/p>\n\n\n\n<blockquote class=\"wp-block-quote is-layout-flow wp-block-quote-is-layout-flow\"><p>\u201cComo ha sido reiterado no me entregan un cheque en blanco, me entregan la enorme responsabilidad de brindar certeza, objetividad, independencia e imparcialidad a la ciudadan\u00eda, anteponer la voluntad ciudadana por encima de cualquier inter\u00e9s particular\u201d, indic\u00f3 en su mensaje. <\/p><\/blockquote>\n\n\n\n<p>Su ascenso al cargo sucede luego de que el ex presidente, Pedro Zamudio God\u00ednez, falleciera por covid-19 en diciembre del 2020. <\/p>\n\n\n\n<p>Durante 18 meses, el \u00f3rgano colegiado estuvo encabezado de manera interina por Laura Daniela Dur\u00e1n Ceja. Su perfil es meramente acad\u00e9mico, hecho que fue duramente cuestionado por algunos representantes, especialmente por experiencia en el campo electoral. <\/p>\n\n\n\n<p>Este jueves el Consejo General del Instituto Nacional Electoral (INE) la design\u00f3 por unanimidad para laborar el periodo 2022-2029 y, en este sentido, aclar\u00f3 en entrevista que cuenta con las credenciales suficientes para encabezar el \u00f3rgano aut\u00f3nomo. <\/p>\n\n\n\n<p>Fuente: <a href=\"https:\/\/www.milenio.com\/politica\/nueva-presidenta-del-ieem-toma-protesta-y-garantiza-transparencia\">Milenio<\/a><\/p>\n","protected":false},"excerpt":{"rendered":"<p>La nueva presidenta del Instituto Electoral del Estado de M\u00e9xico (IEEM), Amalia Pulido G\u00f3mez, afirm\u00f3 durante su toma de protesta frente al \u00f3rgano electoral que no recibe un cheque en blanco ante su nueva encomienda. Precis\u00f3 que para la elecci\u00f3n a la gubernatura del 2023 que le toca instrumentar, habr\u00e1 de brindar transparencia. \u201cComo ha [&hellip;]<\/p>\n","protected":false},"author":6,"featured_media":63036,"comment_status":"open","ping_status":"open","sticky":false,"template":"","format":"standard","meta":{"_monsterinsights_skip_tracking":false,"_monsterinsights_sitenote_active":false,"_monsterinsights_sitenote_note":"","_monsterinsights_sitenote_category":0,"footnotes":""},"categories":[158],"tags":[16732],"class_list":["post-63035","post","type-post","status-publish","format-standard","has-post-thumbnail","hentry","category-politica","tag-instituto-electoral-del-estado-de-mexico","wp-image-borders"],"amp_enabled":true,"_links":{"self":[{"href":"https:\/\/nvnoticias.mx\/index.php\/wp-json\/wp\/v2\/posts\/63035","targetHints":{"allow":["GET"]}}],"collection":[{"href":"https:\/\/nvnoticias.mx\/index.php\/wp-json\/wp\/v2\/posts"}],"about":[{"href":"https:\/\/nvnoticias.mx\/index.php\/wp-json\/wp\/v2\/types\/post"}],"author":[{"embeddable":true,"href":"https:\/\/nvnoticias.mx\/index.php\/wp-json\/wp\/v2\/users\/6"}],"replies":[{"embeddable":true,"href":"https:\/\/nvnoticias.mx\/index.php\/wp-json\/wp\/v2\/comments?post=63035"}],"version-history":[{"count":3,"href":"https:\/\/nvnoticias.mx\/index.php\/wp-json\/wp\/v2\/posts\/63035\/revisions"}],"predecessor-version":[{"id":63039,"href":"https:\/\/nvnoticias.mx\/index.php\/wp-json\/wp\/v2\/posts\/63035\/revisions\/63039"}],"wp:featuredmedia":[{"embeddable":true,"href":"https:\/\/nvnoticias.mx\/index.php\/wp-json\/wp\/v2\/media\/63036"}],"wp:attachment":[{"href":"https:\/\/nvnoticias.mx\/index.php\/wp-json\/wp\/v2\/media?parent=63035"}],"wp:term":[{"taxonomy":"category","embeddable":true,"href":"https:\/\/nvnoticias.mx\/index.php\/wp-json\/wp\/v2\/categories?post=63035"},{"taxonomy":"post_tag","embeddable":true,"href":"https:\/\/nvnoticias.mx\/index.php\/wp-json\/wp\/v2\/tags?post=63035"}],"curies":[{"name":"wp","href":"https:\/\/api.w.org\/{rel}","templated":true}]}}