{"id":6303,"date":"2021-03-02T11:47:04","date_gmt":"2021-03-02T17:47:04","guid":{"rendered":"https:\/\/nvnoticias.mx\/?p=6303"},"modified":"2021-03-02T11:51:01","modified_gmt":"2021-03-02T17:51:01","slug":"piden-pensionados-del-ipe-modulos-para-supervision-anual","status":"publish","type":"post","link":"https:\/\/nvnoticias.mx\/index.php\/2021\/03\/02\/piden-pensionados-del-ipe-modulos-para-supervision-anual\/","title":{"rendered":"Piden pensionados del IPE m\u00f3dulos para supervisi\u00f3n anual"},"content":{"rendered":"\n<p><strong>Jes\u00fas Utrilla \/ NV Noticias<\/strong><\/p>\n\n\n\n<p>Veracruz.- Pensionados del IPE pidieron la instalaci\u00f3n de m\u00f3dulos para la supervisi\u00f3n anual.<\/p>\n\n\n\n<p>Acusaron que por el coronavirus el Instituto de Pensiones del Estado no instal\u00f3 m\u00f3dulos para atender a los adultos mayores, sin embargo, los n\u00fameros telef\u00f3nicos no funcionan y de manera virtual tampoco pueden efectuar el tr\u00e1mite.<\/p>\n\n\n\n<p>Un pensionado que pidi\u00f3 omitir su nombre por temor a represalias, se\u00f1al\u00f3 anteriormente, incluido el a\u00f1o pasado, se instalaban m\u00f3dulos para pasar revista pero en esta ocasi\u00f3n les pusieron n\u00fameros telef\u00f3nicos a disposici\u00f3n pero se encuentran saturados.<\/p>\n\n\n\n<blockquote class=\"wp-block-quote is-layout-flow wp-block-quote-is-layout-flow\"><p>\u201cEstuvimos marcando a los n\u00fameros que nos dieron y nunca nos contestaron, ya nos pusimos algunos de acuerdo para ir a Xalapa a pasar revista, sin embargo, esto no puede ser ya que siempre nos pon\u00edan los m\u00f3dulos en Veracruz y en Boca del R\u00edo y as\u00ed deber\u00eda ser en esta ocasi\u00f3n. Algunos est\u00e1n entregando programas sociales y lo hacen respetando la sana distancia, as\u00ed podr\u00edamos hacer tambi\u00e9n este tr\u00e1mite\u201d.<\/p><\/blockquote>\n\n\n\n<p>La supervisi\u00f3n anual de pensionados comenz\u00f3 el lunes 1 de marzo para que los pensionados se reporten ante el IPE.<\/p>\n\n\n\n<p>Sin embargo, algunos tendr\u00e1n que viajar a Xalapa porque no tienen acceso a medios electr\u00f3nicos y por tel\u00e9fono no han podido comunicarse.<\/p>\n\n\n\n<blockquote class=\"wp-block-quote is-layout-flow wp-block-quote-is-layout-flow\"><p>\u201cTienes que pasar revista para que no te den de baja del padr\u00f3n al pensar que ya no sigues con vida, a veces si no lo haces te llegan a dar de baja o a retener el pago y arreglar ese tr\u00e1mite es laborioso. A esta edad ya no est\u00e1 uno para andar efectuando ese tipo de tr\u00e1mites\u201d.<\/p><\/blockquote>\n","protected":false},"excerpt":{"rendered":"<p>Jes\u00fas Utrilla \/ NV Noticias Veracruz.- Pensionados del IPE pidieron la instalaci\u00f3n de m\u00f3dulos para la supervisi\u00f3n anual. Acusaron que por el coronavirus el Instituto de Pensiones del Estado no instal\u00f3 m\u00f3dulos para atender a los adultos mayores, sin embargo, los n\u00fameros telef\u00f3nicos no funcionan y de manera virtual tampoco pueden efectuar el tr\u00e1mite. Un [&hellip;]<\/p>\n","protected":false},"author":6,"featured_media":5753,"comment_status":"open","ping_status":"open","sticky":false,"template":"","format":"standard","meta":{"_monsterinsights_skip_tracking":false,"_monsterinsights_sitenote_active":false,"_monsterinsights_sitenote_note":"","_monsterinsights_sitenote_category":0,"footnotes":""},"categories":[154],"tags":[601,899,180],"class_list":["post-6303","post","type-post","status-publish","format-standard","has-post-thumbnail","hentry","category-veracruz","tag-ipe","tag-supervivencia","tag-veracruz","wp-image-borders"],"amp_enabled":true,"_links":{"self":[{"href":"https:\/\/nvnoticias.mx\/index.php\/wp-json\/wp\/v2\/posts\/6303","targetHints":{"allow":["GET"]}}],"collection":[{"href":"https:\/\/nvnoticias.mx\/index.php\/wp-json\/wp\/v2\/posts"}],"about":[{"href":"https:\/\/nvnoticias.mx\/index.php\/wp-json\/wp\/v2\/types\/post"}],"author":[{"embeddable":true,"href":"https:\/\/nvnoticias.mx\/index.php\/wp-json\/wp\/v2\/users\/6"}],"replies":[{"embeddable":true,"href":"https:\/\/nvnoticias.mx\/index.php\/wp-json\/wp\/v2\/comments?post=6303"}],"version-history":[{"count":1,"href":"https:\/\/nvnoticias.mx\/index.php\/wp-json\/wp\/v2\/posts\/6303\/revisions"}],"predecessor-version":[{"id":6304,"href":"https:\/\/nvnoticias.mx\/index.php\/wp-json\/wp\/v2\/posts\/6303\/revisions\/6304"}],"wp:featuredmedia":[{"embeddable":true,"href":"https:\/\/nvnoticias.mx\/index.php\/wp-json\/wp\/v2\/media\/5753"}],"wp:attachment":[{"href":"https:\/\/nvnoticias.mx\/index.php\/wp-json\/wp\/v2\/media?parent=6303"}],"wp:term":[{"taxonomy":"category","embeddable":true,"href":"https:\/\/nvnoticias.mx\/index.php\/wp-json\/wp\/v2\/categories?post=6303"},{"taxonomy":"post_tag","embeddable":true,"href":"https:\/\/nvnoticias.mx\/index.php\/wp-json\/wp\/v2\/tags?post=6303"}],"curies":[{"name":"wp","href":"https:\/\/api.w.org\/{rel}","templated":true}]}}