{"id":62936,"date":"2022-07-02T11:24:24","date_gmt":"2022-07-02T16:24:24","guid":{"rendered":"https:\/\/nvnoticias.mx\/?p=62936"},"modified":"2022-07-02T11:24:25","modified_gmt":"2022-07-02T16:24:25","slug":"hay-mercado-negro-en-aretado-de-identificacion-para-ganado-en-veracruz-gobernador","status":"publish","type":"post","link":"https:\/\/nvnoticias.mx\/index.php\/2022\/07\/02\/hay-mercado-negro-en-aretado-de-identificacion-para-ganado-en-veracruz-gobernador\/","title":{"rendered":"Hay mercado negro en aretado de identificaci\u00f3n para ganado en Veracruz: gobernador"},"content":{"rendered":"\n<p><strong>Sam Ojeda \/ NV Noticias<\/strong><\/p>\n\n\n\n<p>Xalapa.- El gobernador Cuitl\u00e1huac Garc\u00eda Jim\u00e9nez se\u00f1al\u00f3 que la venta de aretes y vetado de ganado tiene un mercado negro muy lucrativo en el estado de Veracruz.\u00a0<\/p>\n\n\n\n<p>Dijo que un arete deber\u00eda costar 30 pesos pero que en el mercado negro se llega a vender hasta en 300.\u00a0<\/p>\n\n\n\n<blockquote class=\"wp-block-quote is-layout-flow wp-block-quote-is-layout-flow\"><p>\u201c<em>Hay un negocio detr\u00e1s del aretado, algo que tendr\u00eda que ser para supervisi\u00f3n que deber\u00eda costar alrededor de 30 pesos, en el mercado negro llega a costar hasta 300 pesos y quien tiene control del arete no es el Gobierno federal o estatal<\/em>\u201d.<\/p><\/blockquote>\n\n\n\n<p>Record\u00f3 que el arete que es como una placa de autom\u00f3vil pues identifica al animal, pero que la venta ilegal de estas placas se ha convertido en un negocio muy lucrativo. \u00a0<\/p>\n\n\n\n<p>Dijo que la entrega de estos aretes no se hace por parte del gobierno federal o estatal sino de un organismo externo como el Sistema Nacional de Identificaci\u00f3n Individual de Ganado.<\/p>\n\n\n\n<p>Y agreg\u00f3 que la administraci\u00f3n estatal est\u00e1 en una \u201cbatalla legal\u201d en defensa de la Ley Ganadera en la entidad, pues se interpusieron controversias constitucionales en su contra.<\/p>\n\n\n\n<blockquote class=\"wp-block-quote is-layout-flow wp-block-quote-is-layout-flow\"><p>\u201c<em>Estamos en una aut\u00e9ntica batalla legal por hacer vale la Ley Ganadera de Veracruz porque interpusieron varias controversias constitucionales sobre la Ley Ganadera<\/em>\u201d.<\/p><\/blockquote>\n","protected":false},"excerpt":{"rendered":"<p>Sam Ojeda \/ NV Noticias Xalapa.- El gobernador Cuitl\u00e1huac Garc\u00eda Jim\u00e9nez se\u00f1al\u00f3 que la venta de aretes y vetado de ganado tiene un mercado negro muy lucrativo en el estado de Veracruz.\u00a0 Dijo que un arete deber\u00eda costar 30 pesos pero que en el mercado negro se llega a vender hasta en 300.\u00a0 \u201cHay un [&hellip;]<\/p>\n","protected":false},"author":8,"featured_media":62937,"comment_status":"open","ping_status":"open","sticky":false,"template":"","format":"standard","meta":{"_monsterinsights_skip_tracking":false,"_monsterinsights_sitenote_active":false,"_monsterinsights_sitenote_note":"","_monsterinsights_sitenote_category":0,"footnotes":""},"categories":[156],"tags":[16715,8400,4586,180],"class_list":["post-62936","post","type-post","status-publish","format-standard","has-post-thumbnail","hentry","category-estado","tag-aretado","tag-ganado","tag-mercado-negro","tag-veracruz","wp-image-borders"],"amp_enabled":true,"_links":{"self":[{"href":"https:\/\/nvnoticias.mx\/index.php\/wp-json\/wp\/v2\/posts\/62936","targetHints":{"allow":["GET"]}}],"collection":[{"href":"https:\/\/nvnoticias.mx\/index.php\/wp-json\/wp\/v2\/posts"}],"about":[{"href":"https:\/\/nvnoticias.mx\/index.php\/wp-json\/wp\/v2\/types\/post"}],"author":[{"embeddable":true,"href":"https:\/\/nvnoticias.mx\/index.php\/wp-json\/wp\/v2\/users\/8"}],"replies":[{"embeddable":true,"href":"https:\/\/nvnoticias.mx\/index.php\/wp-json\/wp\/v2\/comments?post=62936"}],"version-history":[{"count":1,"href":"https:\/\/nvnoticias.mx\/index.php\/wp-json\/wp\/v2\/posts\/62936\/revisions"}],"predecessor-version":[{"id":62938,"href":"https:\/\/nvnoticias.mx\/index.php\/wp-json\/wp\/v2\/posts\/62936\/revisions\/62938"}],"wp:featuredmedia":[{"embeddable":true,"href":"https:\/\/nvnoticias.mx\/index.php\/wp-json\/wp\/v2\/media\/62937"}],"wp:attachment":[{"href":"https:\/\/nvnoticias.mx\/index.php\/wp-json\/wp\/v2\/media?parent=62936"}],"wp:term":[{"taxonomy":"category","embeddable":true,"href":"https:\/\/nvnoticias.mx\/index.php\/wp-json\/wp\/v2\/categories?post=62936"},{"taxonomy":"post_tag","embeddable":true,"href":"https:\/\/nvnoticias.mx\/index.php\/wp-json\/wp\/v2\/tags?post=62936"}],"curies":[{"name":"wp","href":"https:\/\/api.w.org\/{rel}","templated":true}]}}