{"id":62810,"date":"2022-07-01T13:31:01","date_gmt":"2022-07-01T18:31:01","guid":{"rendered":"https:\/\/nvnoticias.mx\/?p=62810"},"modified":"2022-07-01T13:31:02","modified_gmt":"2022-07-01T18:31:02","slug":"confirman-deceso-de-menor-de-naolinco-en-trailer-abandonado-con-migrantes-en-texas","status":"publish","type":"post","link":"https:\/\/nvnoticias.mx\/index.php\/2022\/07\/01\/confirman-deceso-de-menor-de-naolinco-en-trailer-abandonado-con-migrantes-en-texas\/","title":{"rendered":"Confirman deceso de menor de Naolinco en tr\u00e1iler abandonado con migrantes en Texas"},"content":{"rendered":"\n<p><strong>Sam Ojeda\u00a0\/ NV Noticias<\/strong><\/p>\n\n\n\n<p>Xalapa.-El director de Atenci\u00f3n a Migrantes, Carlos Enrique Escalante Igual, confirm\u00f3 que Misael Olivares Monterde de 16 a\u00f1os fue identificado como una de las v\u00edctimas mortales en el trailer abandonado a las afueras de San Antonio, Texas, donde perdieron la vida 53 migrantes centroamericanos, entre ellos 27 mexicanos.&nbsp;<\/p>\n\n\n\n<blockquote class=\"wp-block-quote is-layout-flow wp-block-quote-is-layout-flow\"><p>\u201c<em>El \u00faltimo informe que tenemos es que est\u00e1 confirmado el fallecimiento de uno de los j\u00f3venes de Naolinco, que en nuestras carpetas de investigaci\u00f3n los ten\u00edamos como desaparecidos, el d\u00eda de hoy una de las cuatro carpetas pasa a ser confirmada su muerte<\/em>\u201d.\u00a0<\/p><\/blockquote>\n\n\n\n<p>Se trata de uno de los tres mejores de edad que salieron la semana antepasada desde Naolinco y con rumbo a Texas, Estados Unidos.&nbsp;<\/p>\n\n\n\n<blockquote class=\"wp-block-quote is-layout-flow wp-block-quote-is-layout-flow\"><p>&#8220;<em>El chico ya fue identificado, es menor de edad, no puedo dar su nombre, pero ya fue identificado por Relaciones Exteriores y por la familia<\/em>&#8220;.<\/p><\/blockquote>\n\n\n\n<p>Dijo que san apoyo a los padres del menor para traer a la entidad el cuerpo de su hijo y que esto podr\u00eda darse en una semana.<\/p>\n\n\n\n<blockquote class=\"wp-block-quote is-layout-flow wp-block-quote-is-layout-flow\"><p>&#8220;<em>Pero al haberse hecho tan medi\u00e1tico puede ser que sea menos tiempo, una semana. Por el momento es el \u00fanico caso confirmado<\/em>&#8220;.<\/p><\/blockquote>\n\n\n\n<p>Hasta ahora hay cuatro carpetas de personas reportadas como desaparecidas, de los cuales una se confirma el fallecimiento, &#8220;estamos en espera de que los otros sepamos qui\u00e9n est\u00e1 en el hospital o nos confirman la perdida&#8221;.<\/p>\n\n\n\n<p>Hay que se\u00f1alar que junto con Misael viajaban sus primos&nbsp;&nbsp;Geovanni Valencia Olivares, ambos de de 16 a\u00f1os, y Jair Valencia Olivares de 19 pero hasta ahora se desconoce su paradero.&nbsp;<\/p>\n","protected":false},"excerpt":{"rendered":"<p>Sam Ojeda\u00a0\/ NV Noticias Xalapa.-El director de Atenci\u00f3n a Migrantes, Carlos Enrique Escalante Igual, confirm\u00f3 que Misael Olivares Monterde de 16 a\u00f1os fue identificado como una de las v\u00edctimas mortales en el trailer abandonado a las afueras de San Antonio, Texas, donde perdieron la vida 53 migrantes centroamericanos, entre ellos 27 mexicanos.&nbsp; \u201cEl \u00faltimo informe [&hellip;]<\/p>\n","protected":false},"author":8,"featured_media":62197,"comment_status":"open","ping_status":"open","sticky":false,"template":"","format":"standard","meta":{"_monsterinsights_skip_tracking":false,"_monsterinsights_sitenote_active":false,"_monsterinsights_sitenote_note":"","_monsterinsights_sitenote_category":0,"footnotes":""},"categories":[156],"tags":[2732,452,5982,162,918,142],"class_list":["post-62810","post","type-post","status-publish","format-standard","has-post-thumbnail","hentry","category-estado","tag-menor-de-edad","tag-migrantes","tag-naolinco","tag-portada","tag-texas","tag-trailer","wp-image-borders"],"amp_enabled":true,"_links":{"self":[{"href":"https:\/\/nvnoticias.mx\/index.php\/wp-json\/wp\/v2\/posts\/62810","targetHints":{"allow":["GET"]}}],"collection":[{"href":"https:\/\/nvnoticias.mx\/index.php\/wp-json\/wp\/v2\/posts"}],"about":[{"href":"https:\/\/nvnoticias.mx\/index.php\/wp-json\/wp\/v2\/types\/post"}],"author":[{"embeddable":true,"href":"https:\/\/nvnoticias.mx\/index.php\/wp-json\/wp\/v2\/users\/8"}],"replies":[{"embeddable":true,"href":"https:\/\/nvnoticias.mx\/index.php\/wp-json\/wp\/v2\/comments?post=62810"}],"version-history":[{"count":1,"href":"https:\/\/nvnoticias.mx\/index.php\/wp-json\/wp\/v2\/posts\/62810\/revisions"}],"predecessor-version":[{"id":62811,"href":"https:\/\/nvnoticias.mx\/index.php\/wp-json\/wp\/v2\/posts\/62810\/revisions\/62811"}],"wp:featuredmedia":[{"embeddable":true,"href":"https:\/\/nvnoticias.mx\/index.php\/wp-json\/wp\/v2\/media\/62197"}],"wp:attachment":[{"href":"https:\/\/nvnoticias.mx\/index.php\/wp-json\/wp\/v2\/media?parent=62810"}],"wp:term":[{"taxonomy":"category","embeddable":true,"href":"https:\/\/nvnoticias.mx\/index.php\/wp-json\/wp\/v2\/categories?post=62810"},{"taxonomy":"post_tag","embeddable":true,"href":"https:\/\/nvnoticias.mx\/index.php\/wp-json\/wp\/v2\/tags?post=62810"}],"curies":[{"name":"wp","href":"https:\/\/api.w.org\/{rel}","templated":true}]}}