{"id":62600,"date":"2022-06-30T16:41:53","date_gmt":"2022-06-30T21:41:53","guid":{"rendered":"https:\/\/nvnoticias.mx\/?p=62600"},"modified":"2022-06-30T16:41:54","modified_gmt":"2022-06-30T21:41:54","slug":"admite-dakota-johnson-como-se-sintio-al-ser-involucrada-en-el-juicio-de-depp-y-heard","status":"publish","type":"post","link":"https:\/\/nvnoticias.mx\/index.php\/2022\/06\/30\/admite-dakota-johnson-como-se-sintio-al-ser-involucrada-en-el-juicio-de-depp-y-heard\/","title":{"rendered":"Admite Dakota Johnson c\u00f3mo se sinti\u00f3 al ser involucrada en el juicio de Depp y Heard"},"content":{"rendered":"\n<p>Durante los \u00faltimos dos meses, el caso de difamaci\u00f3n del actor y\u00a0Amber Heard\u00a0cautiv\u00f3 al mundo, y de alguna manera incluy\u00f3 un video viral en l\u00ednea titulado &#8220;El momento EXACTO en que Dakota Johnson SUPO que Amber Heard era VIOLENTA con Johnny Depp&#8221;.<\/p>\n\n\n\n<p>En el clip, que no formaba parte de la evidencia, Depp parec\u00eda mostrarle su dedo lesionado a Johnson mientras promocionaban&nbsp;<em>Black Mass<\/em>&nbsp;en el Festival de Cine de Venecia de 2015. La atenci\u00f3n hizo que Johnson temiera que la llamaran a testificar.<\/p>\n\n\n\n<blockquote class=\"wp-block-quote is-layout-flow wp-block-quote-is-layout-flow\"><p>&#8220;Pens\u00e9, &#8216;Por el amor de Dios, \u00bfpor qu\u00e9? \u00bfPor qu\u00e9 estoy involucrada en esto?'&#8221;, le dijo a\u00a0<em>Vanity Fair<\/em>. &#8220;No recuerdo eso en absoluto, pero por favor, s\u00e1came de esto. No dejes que esto vaya m\u00e1s lejos. \u00bfTe imaginas, oh, Dios m\u00edo, \u00bfsi me llamaran al banquillo de los testigos?&#8221;<\/p><\/blockquote>\n\n\n\n<p>Durante el juicio, Depp testific\u00f3 que la punta cortada del dedo supuestamente fue causada por Heard durante una pelea que tuvieron en Australia en marzo de 2015. Depp afirm\u00f3 que Heard le arroj\u00f3 una botella de vodka y se rompi\u00f3 en su mano. Ella neg\u00f3 la acusaci\u00f3n.<\/p>\n\n\n\n<p>Si le preguntas a Johnson, ella se sorprendi\u00f3 al ver cu\u00e1ntas personas estaban pegadas al caso. <\/p>\n\n\n\n<blockquote class=\"wp-block-quote is-layout-flow wp-block-quote-is-layout-flow\"><p>&#8220;No puedo creer que la gente est\u00e9 viendo [el juicio] como si fuera un espect\u00e1culo&#8221;, le dijo a la publicaci\u00f3n. &#8220;Es como un drama judicial y mi coraz\u00f3n se rompe. Es tan, tan, tan loco. Los humanos son tan jodid*mente raros. Internet es un lugar salvaje, salvaje&#8221;.<\/p><\/blockquote>\n\n\n\n<p>Despu\u00e9s de 13 horas de deliberaciones, el jurado le otorg\u00f3 10 millones de d\u00f3lares a Depp en da\u00f1os compensatorios y 5 millones en da\u00f1os punitivos. La jueza de la corte de circuito del condado de Fairfax,&nbsp;<strong>Penney Azcarate<\/strong>, luego redujo los da\u00f1os punitivos a 350.000, que es el tope estatutario o l\u00edmite legal del estado, lo que hace que sus da\u00f1os totales sean menos de 10.4 millones de d\u00f3lares<\/p>\n\n\n\n<p>En cuanto a la contrademanda de Heard, el jurado le otorg\u00f3 a la actriz 2 millones en da\u00f1os compensatorios.<\/p>\n\n\n\n<p>En su nueva entrevista, Johnson tambi\u00e9n discuti\u00f3 la tendencia de la cultura de cancelaci\u00f3n. Si bien no mencion\u00f3 a Depp ni a Heard por su nombre, ella argument\u00f3 que las personas pueden evolucionar y cambiar con el tiempo.<\/p>\n\n\n\n<blockquote class=\"wp-block-quote is-layout-flow wp-block-quote-is-layout-flow\"><p>&#8220;Con lo que lucho en t\u00e9rminos de la cultura de cancelaci\u00f3n es el t\u00e9rmino cultura de cancelaci\u00f3n, todo el concepto detr\u00e1s de cancelar a un ser humano, como si fueran una cita&#8221;, dijo. &#8220;Ninguna persona no cometer\u00e1 errores en su vida. El objetivo de estar vivo es descubrirlo. Lastimar a otras personas, lastimar a otras personas no est\u00e1 bien. Hay consecuencias por esas acciones. Pero el concepto de Twitterverse decidiendo si alguien simplemente de repente ya no existe es horrible, desgarrador e incorrecto&#8221;.<\/p><\/blockquote>\n\n\n\n<p>Ella tambi\u00e9n record\u00f3 a los lectores que miren a la poblaci\u00f3n en general. &#8220;Twitter constituye como, \u00bfcu\u00e1nto, el 12 por ciento del mundo?&#8221;, dijo Johnson, que no tiene una cuenta. &#8220;Quiero decir, algunas de estas personas ni siquiera pueden deletrear&#8221;.<\/p>\n\n\n\n<p>Fuente: <a href=\"https:\/\/www.eonline.com\/mx\/news\/1336446\/como-se-sintio-realmente-dakota-johnson-al-ser-involucrada-en-el-juicio-de-johnny-depp-y-amber-heard\" data-type=\"URL\" data-id=\"https:\/\/www.eonline.com\/mx\/news\/1336446\/como-se-sintio-realmente-dakota-johnson-al-ser-involucrada-en-el-juicio-de-johnny-depp-y-amber-heard\">E!<\/a><\/p>\n","protected":false},"excerpt":{"rendered":"<p>Durante los \u00faltimos dos meses, el caso de difamaci\u00f3n del actor y\u00a0Amber Heard\u00a0cautiv\u00f3 al mundo, y de alguna manera incluy\u00f3 un video viral en l\u00ednea titulado &#8220;El momento EXACTO en que Dakota Johnson SUPO que Amber Heard era VIOLENTA con Johnny Depp&#8221;. En el clip, que no formaba parte de la evidencia, Depp parec\u00eda mostrarle [&hellip;]<\/p>\n","protected":false},"author":35,"featured_media":62601,"comment_status":"open","ping_status":"open","sticky":false,"template":"","format":"standard","meta":{"_monsterinsights_skip_tracking":false,"_monsterinsights_sitenote_active":false,"_monsterinsights_sitenote_note":"","_monsterinsights_sitenote_category":0,"footnotes":""},"categories":[576],"tags":[10455,4595,16652,11988,16653,5329,1042],"class_list":["post-62600","post","type-post","status-publish","format-standard","has-post-thumbnail","hentry","category-ocio","tag-admite","tag-amber-heard","tag-como-se-sintio","tag-dakota-johnson","tag-involucrada","tag-johnny-depp","tag-juicio","wp-image-borders"],"amp_enabled":true,"_links":{"self":[{"href":"https:\/\/nvnoticias.mx\/index.php\/wp-json\/wp\/v2\/posts\/62600","targetHints":{"allow":["GET"]}}],"collection":[{"href":"https:\/\/nvnoticias.mx\/index.php\/wp-json\/wp\/v2\/posts"}],"about":[{"href":"https:\/\/nvnoticias.mx\/index.php\/wp-json\/wp\/v2\/types\/post"}],"author":[{"embeddable":true,"href":"https:\/\/nvnoticias.mx\/index.php\/wp-json\/wp\/v2\/users\/35"}],"replies":[{"embeddable":true,"href":"https:\/\/nvnoticias.mx\/index.php\/wp-json\/wp\/v2\/comments?post=62600"}],"version-history":[{"count":1,"href":"https:\/\/nvnoticias.mx\/index.php\/wp-json\/wp\/v2\/posts\/62600\/revisions"}],"predecessor-version":[{"id":62602,"href":"https:\/\/nvnoticias.mx\/index.php\/wp-json\/wp\/v2\/posts\/62600\/revisions\/62602"}],"wp:featuredmedia":[{"embeddable":true,"href":"https:\/\/nvnoticias.mx\/index.php\/wp-json\/wp\/v2\/media\/62601"}],"wp:attachment":[{"href":"https:\/\/nvnoticias.mx\/index.php\/wp-json\/wp\/v2\/media?parent=62600"}],"wp:term":[{"taxonomy":"category","embeddable":true,"href":"https:\/\/nvnoticias.mx\/index.php\/wp-json\/wp\/v2\/categories?post=62600"},{"taxonomy":"post_tag","embeddable":true,"href":"https:\/\/nvnoticias.mx\/index.php\/wp-json\/wp\/v2\/tags?post=62600"}],"curies":[{"name":"wp","href":"https:\/\/api.w.org\/{rel}","templated":true}]}}