{"id":62570,"date":"2022-06-30T13:59:19","date_gmt":"2022-06-30T18:59:19","guid":{"rendered":"https:\/\/nvnoticias.mx\/?p=62570"},"modified":"2022-06-30T13:59:20","modified_gmt":"2022-06-30T18:59:20","slug":"politica-y-decencia","status":"publish","type":"post","link":"https:\/\/nvnoticias.mx\/index.php\/2022\/06\/30\/politica-y-decencia\/","title":{"rendered":"Pol\u00edtica y decencia"},"content":{"rendered":"\n<p><strong>Juan Jos\u00e9 Rodr\u00edguez Prats<\/strong><\/p>\n\n\n\n<blockquote class=\"wp-block-quote is-layout-flow wp-block-quote-is-layout-flow\"><p><em>El que quiera amar la vida y gozar de d\u00edas felices, que refrene su lengua de hablar mal y sus labios de proferir enga\u00f1os<\/em>.<\/p><cite><strong>Shimon Peres<\/strong><\/cite><\/blockquote>\n\n\n\n<p>En alguna de las espl\u00e9ndidas novelas de\u00a0S\u00e1ndor M\u00e1rai\u00a0(obsequio de mi buen amigo Raudel \u00c1vila), uno de los protagonistas, ante un reclamo sobre una mala conducta, responde: \u201cPorque soy un pol\u00edtico y porque es imposible hacer pol\u00edtica con aut\u00e9nticos caballeros\u201d.<\/p>\n\n\n\n<p>Perm\u00edtaseme relatar una experiencia personal.\u00a0Fernando Guti\u00e9rrez Barrios, uno de los actores de nuestra vida p\u00fablica m\u00e1s controvertido \u2014y me atrever\u00eda a calificar de legendario\u2014, del que mucho se ha dicho y escrito, se caracteriz\u00f3 en su trato como un hombre excepcionalmente cort\u00e9s y educado. Su firmeza y prestancia eran fama p\u00fablica. En su novela\u00a0Morir en el golfo,\u00a0H\u00e9ctor Aguilar Cam\u00edn\u00a0pone en boca de un personaje (que por todas las referencias corresponde al veracruzano) una respuesta que lo define. Una mujer le recrimina que en M\u00e9xico no hab\u00eda justicia, a lo que respondi\u00f3 (cito de memoria): \u201cSe\u00f1ora, yo no s\u00e9 lo que es eso, a m\u00ed me encargaron que cuide de la seguridad\u201d. \u00c9se fue el deber que asumi\u00f3 en su larga carrera y, ciertamente, debe haberse llevado una enciclop\u00e9dica informaci\u00f3n de lo que el Estado mexicano ha hecho en esta vital \u00e1rea de la administraci\u00f3n p\u00fablica.<\/p>\n\n\n\n<p>Tuve oportunidad de platicar con \u00e9l cerca de media hora en su oficina, cuando era secretario de Gobernaci\u00f3n, sobre don\u00a0Adolfo Ruiz Cortines.\u00a0Me escribi\u00f3 el pr\u00f3logo de la primera edici\u00f3n de la biograf\u00eda que escrib\u00ed del expresidente. Al interrogarme sobre sus diversos dichos y an\u00e9cdotas, me impresion\u00f3 la esmerada atenci\u00f3n con que me escuchaba. Fue interrumpida la conversaci\u00f3n por una llamada telef\u00f3nica. Despu\u00e9s de atenderla, me dijo: \u201cSe qued\u00f3 usted en el relato sobre don Adolfo cuando aconsejaba que ning\u00fan gobernante debe confrontarse personalmente con nadie, contin\u00fae\u201d. La verdad, me cautiv\u00f3 el detalle. Cuidaba las formas, era obsesivo en cuanto a la actitud que el pol\u00edtico debe tener con su interlocutor. Por muchos testimonios, se confirma tambi\u00e9n su rigurosa convicci\u00f3n de siempre cumplir su palabra. Lo consideraba lo m\u00e1s esencial de la negociaci\u00f3n pol\u00edtica. De ninguna manera pretendo hacer un paneg\u00edrico de don Fernando, con quien conviv\u00ed en sus \u00faltimos d\u00edas cuando coincidimos siendo senadores en el 2000. Escuch\u00e9 su \u00faltimo discurso el 2 de octubre de ese a\u00f1o sobre el movimiento de 1968. Falleci\u00f3 el 30 de ese mismo mes. No intento tampoco emitir juicios sobre su larga trayectoria. Simplemente relato mis vivencias en el af\u00e1n de explicar, recurriendo a sus protagonistas, por qu\u00e9 un sistema pol\u00edtico se prolong\u00f3 casi un siglo en estabilidad y desarrollo en la historia de M\u00e9xico. No sobajaba nunca, teniendo en cuenta que, como bien expresa el fil\u00f3sofo Avishai Margalit, \u201cla humillaci\u00f3n es un mal doloroso, mientras que el respeto es un bien\u201d. Lo describo como un servidor p\u00fablico persistente en cuidar las formas para hacer eficientemente su trabajo, derivado del escaso trato que tuve con \u00e9l y de los muchos testimonios escritos y hablados sobre su persona. Muchos simplemente lo calificaron como un caballero.<\/p>\n\n\n\n<p>Los a\u00f1os me han ido despojando de prejuicios y tambi\u00e9n de la mala costumbre de emitir sentencias absolutorias o condenatorias de los seres humanos con los que he convivido en la tormentosa profesi\u00f3n pol\u00edtica. Lo hago \u2013y por eso me atrevo a escribir\u2013 para sacar lecciones que nos den luces en los dif\u00edciles momentos que vivimos.<\/p>\n\n\n\n<p>Recientemente,\u00a0Enrique Krauze\u00a0escribi\u00f3: \u201cNo hay uno solo de los valores que cre\u00edamos comunes que no est\u00e9 ahora bajo asedio en Am\u00e9rica y Espa\u00f1a\u201d. La afirmaci\u00f3n, por desgracia, es cierta. Empezar por respetarnos, por cierta cortes\u00eda, por depurar nuestro lenguaje, por cuidar las formas, no nos vendr\u00eda mal. Lo que viene a nivel global, nacional y regional es de pron\u00f3stico reservado, el horizonte es borrascoso. Rescatar el prestigio del pol\u00edtico apreciando como esencial su reputaci\u00f3n me parece de alta prioridad.<\/p>\n","protected":false},"excerpt":{"rendered":"<p>Juan Jos\u00e9 Rodr\u00edguez Prats El que quiera amar la vida y gozar de d\u00edas felices, que refrene su lengua de hablar mal y sus labios de proferir enga\u00f1os. Shimon Peres En alguna de las espl\u00e9ndidas novelas de\u00a0S\u00e1ndor M\u00e1rai\u00a0(obsequio de mi buen amigo Raudel \u00c1vila), uno de los protagonistas, ante un reclamo sobre una mala conducta, [&hellip;]<\/p>\n","protected":false},"author":17,"featured_media":62571,"comment_status":"open","ping_status":"open","sticky":false,"template":"","format":"standard","meta":{"_monsterinsights_skip_tracking":false,"_monsterinsights_sitenote_active":false,"_monsterinsights_sitenote_note":"","_monsterinsights_sitenote_category":0,"footnotes":""},"categories":[614],"tags":[397],"class_list":["post-62570","post","type-post","status-publish","format-standard","has-post-thumbnail","hentry","category-politica-de-principios","tag-juan-jose-rodriguez-prats-2","wp-image-borders"],"amp_enabled":true,"_links":{"self":[{"href":"https:\/\/nvnoticias.mx\/index.php\/wp-json\/wp\/v2\/posts\/62570","targetHints":{"allow":["GET"]}}],"collection":[{"href":"https:\/\/nvnoticias.mx\/index.php\/wp-json\/wp\/v2\/posts"}],"about":[{"href":"https:\/\/nvnoticias.mx\/index.php\/wp-json\/wp\/v2\/types\/post"}],"author":[{"embeddable":true,"href":"https:\/\/nvnoticias.mx\/index.php\/wp-json\/wp\/v2\/users\/17"}],"replies":[{"embeddable":true,"href":"https:\/\/nvnoticias.mx\/index.php\/wp-json\/wp\/v2\/comments?post=62570"}],"version-history":[{"count":1,"href":"https:\/\/nvnoticias.mx\/index.php\/wp-json\/wp\/v2\/posts\/62570\/revisions"}],"predecessor-version":[{"id":62572,"href":"https:\/\/nvnoticias.mx\/index.php\/wp-json\/wp\/v2\/posts\/62570\/revisions\/62572"}],"wp:featuredmedia":[{"embeddable":true,"href":"https:\/\/nvnoticias.mx\/index.php\/wp-json\/wp\/v2\/media\/62571"}],"wp:attachment":[{"href":"https:\/\/nvnoticias.mx\/index.php\/wp-json\/wp\/v2\/media?parent=62570"}],"wp:term":[{"taxonomy":"category","embeddable":true,"href":"https:\/\/nvnoticias.mx\/index.php\/wp-json\/wp\/v2\/categories?post=62570"},{"taxonomy":"post_tag","embeddable":true,"href":"https:\/\/nvnoticias.mx\/index.php\/wp-json\/wp\/v2\/tags?post=62570"}],"curies":[{"name":"wp","href":"https:\/\/api.w.org\/{rel}","templated":true}]}}