{"id":62547,"date":"2022-06-30T13:04:41","date_gmt":"2022-06-30T18:04:41","guid":{"rendered":"https:\/\/nvnoticias.mx\/?p=62547"},"modified":"2022-06-30T13:04:41","modified_gmt":"2022-06-30T18:04:41","slug":"escuela-jose-maria-morelos-y-pavon-regresa-a-clases-virtuales-por-contagios-de-covid","status":"publish","type":"post","link":"https:\/\/nvnoticias.mx\/index.php\/2022\/06\/30\/escuela-jose-maria-morelos-y-pavon-regresa-a-clases-virtuales-por-contagios-de-covid\/","title":{"rendered":"Escuela Jos\u00e9 Mar\u00eda Morelos y Pav\u00f3n regresa a clases virtuales por contagios de Covid"},"content":{"rendered":"\n<p><strong>Jes\u00fas Utrilla \/ NV Noticias<\/strong><\/p>\n\n\n\n<p>Debido a contagios de Covid la escuela Jos\u00e9 Mar\u00eda Morelos y Pav\u00f3n \u00a0concluir\u00e1 las tres semanas que restan del ciclo escolar de manera virtual.\u00a0<\/p>\n\n\n\n<p>Alejandro Correa Valdivia, director de dicho plantel, explic\u00f3 que a pesar de los esfuerzos, las familias env\u00edan a la escuela a los ni\u00f1os con s\u00edntomas de covid y hay casos en ocho de los 14 grupos. <\/p>\n\n\n\n<blockquote class=\"wp-block-quote is-layout-flow wp-block-quote-is-layout-flow\"><p>\u201c<em>Hay personas que nos traen al ni\u00f1o y el ni\u00f1o nos dice que anoche durmi\u00f3 con su abuelita que ten\u00eda COVID, entonces hay que ser responsables<\/em>\u201d.<\/p><\/blockquote>\n\n\n\n<p>Por ello el Comit\u00e9 de Salud del plantel determin\u00f3 suspender las clases presenciales. <\/p>\n\n\n\n<p>Son ocho grupos con contagios pero quienes acuden a dichos salones tienen hermanos en otras aulas por lo que la escuela determin\u00f3 cerrar y seguir con la ense\u00f1anza de forma virtual. <\/p>\n\n\n\n<p>Al momento ning\u00fan maestro tiene s\u00edntomas, aunado a ello hay familias que decidieron resguardar a los ni\u00f1os ante el alza de contagios. <\/p>\n\n\n\n<blockquote class=\"wp-block-quote is-layout-flow wp-block-quote-is-layout-flow\"><p>\u201c<em>Tenemos contagios en ocho grupos, en total son 14. Sin embargo, en la escuela hay ni\u00f1os que tienen hermanos y eso incrementa la probabilidad de contagio<\/em>\u201d.\u00a0<\/p><\/blockquote>\n\n\n\n<p>Durante pandemia las familias respondieron bien a las clases virtuales.<\/p>\n","protected":false},"excerpt":{"rendered":"<p>Jes\u00fas Utrilla \/ NV Noticias Debido a contagios de Covid la escuela Jos\u00e9 Mar\u00eda Morelos y Pav\u00f3n \u00a0concluir\u00e1 las tres semanas que restan del ciclo escolar de manera virtual.\u00a0 Alejandro Correa Valdivia, director de dicho plantel, explic\u00f3 que a pesar de los esfuerzos, las familias env\u00edan a la escuela a los ni\u00f1os con s\u00edntomas de [&hellip;]<\/p>\n","protected":false},"author":8,"featured_media":62548,"comment_status":"open","ping_status":"open","sticky":false,"template":"","format":"standard","meta":{"_monsterinsights_skip_tracking":false,"_monsterinsights_sitenote_active":false,"_monsterinsights_sitenote_note":"","_monsterinsights_sitenote_category":0,"footnotes":""},"categories":[154],"tags":[279,293,16638],"class_list":["post-62547","post","type-post","status-publish","format-standard","has-post-thumbnail","hentry","category-veracruz","tag-clases-virtuales","tag-contagios","tag-escuela-jose-maria-morelos-y-pavon","wp-image-borders"],"amp_enabled":true,"_links":{"self":[{"href":"https:\/\/nvnoticias.mx\/index.php\/wp-json\/wp\/v2\/posts\/62547","targetHints":{"allow":["GET"]}}],"collection":[{"href":"https:\/\/nvnoticias.mx\/index.php\/wp-json\/wp\/v2\/posts"}],"about":[{"href":"https:\/\/nvnoticias.mx\/index.php\/wp-json\/wp\/v2\/types\/post"}],"author":[{"embeddable":true,"href":"https:\/\/nvnoticias.mx\/index.php\/wp-json\/wp\/v2\/users\/8"}],"replies":[{"embeddable":true,"href":"https:\/\/nvnoticias.mx\/index.php\/wp-json\/wp\/v2\/comments?post=62547"}],"version-history":[{"count":1,"href":"https:\/\/nvnoticias.mx\/index.php\/wp-json\/wp\/v2\/posts\/62547\/revisions"}],"predecessor-version":[{"id":62549,"href":"https:\/\/nvnoticias.mx\/index.php\/wp-json\/wp\/v2\/posts\/62547\/revisions\/62549"}],"wp:featuredmedia":[{"embeddable":true,"href":"https:\/\/nvnoticias.mx\/index.php\/wp-json\/wp\/v2\/media\/62548"}],"wp:attachment":[{"href":"https:\/\/nvnoticias.mx\/index.php\/wp-json\/wp\/v2\/media?parent=62547"}],"wp:term":[{"taxonomy":"category","embeddable":true,"href":"https:\/\/nvnoticias.mx\/index.php\/wp-json\/wp\/v2\/categories?post=62547"},{"taxonomy":"post_tag","embeddable":true,"href":"https:\/\/nvnoticias.mx\/index.php\/wp-json\/wp\/v2\/tags?post=62547"}],"curies":[{"name":"wp","href":"https:\/\/api.w.org\/{rel}","templated":true}]}}