{"id":623,"date":"2021-01-07T06:59:18","date_gmt":"2021-01-07T12:59:18","guid":{"rendered":"https:\/\/nvnoticias.mx\/?p=623"},"modified":"2021-01-07T06:59:30","modified_gmt":"2021-01-07T12:59:30","slug":"congreso-certifica-la-victoria-de-joe-biden","status":"publish","type":"post","link":"https:\/\/nvnoticias.mx\/index.php\/2021\/01\/07\/congreso-certifica-la-victoria-de-joe-biden\/","title":{"rendered":"Congreso certifica la victoria de Joe Biden"},"content":{"rendered":"\n<p>El\u00a0Congreso\u00a0certific\u00f3 esta madrugada la\u00a0victoria de Joe Biden y Kamala Harris\u00a0en las presidenciales del 3 de noviembre, en una sesi\u00f3n que se tuvo que suspender durante tres horas ante la irrupci\u00f3n de manifestantes partidarios del presidente saliente,\u00a0Donald Trump.<\/p>\n\n\n\n<p>Con 306 votos electorales, contra 232 de Donald Trump, Biden es oficialmente el\u00a0presidente electo de Estados Unidos, Harris es la vicepresidenta electa y asumir\u00e1n el 20 de enero.<\/p>\n\n\n\n<p>La sesi\u00f3n se reanud\u00f3 alrededor de las 20:00 horas locales, despu\u00e9s de ser interrumpida por la\u00a0irrupci\u00f3n de los manifestantes,\u00a0enardecidos por las afirmaciones sin fundamento de\u00a0Trump\u00a0de que le &#8220;robaron&#8221; la elecci\u00f3n.<\/p>\n\n\n\n<p>La\u00a0violencia\u00a0dej\u00f3 un saldo de\u00a0cuatro muertos,\u00a0varios heridos\u00a0y decenas de\u00a0detenidos.<\/p>\n\n\n\n<p>Frente al silencio de Trump, Pence y Biden salieron a exigir un alto a la violencia.<\/p>\n\n\n\n<p>Durante la sesi\u00f3n del Congreso, se presentaron dos objeciones a los votos electorales de los estados de Arizona y Pennsylvania, que fueron finalmente rechazadas en ambas c\u00e1maras. Un legislador present\u00f3 una objeci\u00f3n por Wisconsin, que fue archivada por no contar con el apoyo de representante alguno.<\/p>\n\n\n\n<p><strong>Fuente: El Universal<\/strong><\/p>\n","protected":false},"excerpt":{"rendered":"<p>El\u00a0Congreso\u00a0certific\u00f3 esta madrugada la\u00a0victoria de Joe Biden y Kamala Harris\u00a0en las presidenciales del 3 de noviembre, en una sesi\u00f3n que se tuvo que suspender durante tres horas ante la irrupci\u00f3n de manifestantes partidarios del presidente saliente,\u00a0Donald Trump. Con 306 votos electorales, contra 232 de Donald Trump, Biden es oficialmente el\u00a0presidente electo de Estados Unidos, Harris [&hellip;]<\/p>\n","protected":false},"author":6,"featured_media":624,"comment_status":"open","ping_status":"open","sticky":false,"template":"","format":"standard","meta":{"_monsterinsights_skip_tracking":false,"_monsterinsights_sitenote_active":false,"_monsterinsights_sitenote_note":"","_monsterinsights_sitenote_category":0,"footnotes":""},"categories":[181],"tags":[183,182,162,251],"class_list":["post-623","post","type-post","status-publish","format-standard","has-post-thumbnail","hentry","category-internacional","tag-estados-unidos","tag-joe-biden","tag-portada","tag-victoria","wp-image-borders"],"amp_enabled":true,"_links":{"self":[{"href":"https:\/\/nvnoticias.mx\/index.php\/wp-json\/wp\/v2\/posts\/623","targetHints":{"allow":["GET"]}}],"collection":[{"href":"https:\/\/nvnoticias.mx\/index.php\/wp-json\/wp\/v2\/posts"}],"about":[{"href":"https:\/\/nvnoticias.mx\/index.php\/wp-json\/wp\/v2\/types\/post"}],"author":[{"embeddable":true,"href":"https:\/\/nvnoticias.mx\/index.php\/wp-json\/wp\/v2\/users\/6"}],"replies":[{"embeddable":true,"href":"https:\/\/nvnoticias.mx\/index.php\/wp-json\/wp\/v2\/comments?post=623"}],"version-history":[{"count":1,"href":"https:\/\/nvnoticias.mx\/index.php\/wp-json\/wp\/v2\/posts\/623\/revisions"}],"predecessor-version":[{"id":625,"href":"https:\/\/nvnoticias.mx\/index.php\/wp-json\/wp\/v2\/posts\/623\/revisions\/625"}],"wp:featuredmedia":[{"embeddable":true,"href":"https:\/\/nvnoticias.mx\/index.php\/wp-json\/wp\/v2\/media\/624"}],"wp:attachment":[{"href":"https:\/\/nvnoticias.mx\/index.php\/wp-json\/wp\/v2\/media?parent=623"}],"wp:term":[{"taxonomy":"category","embeddable":true,"href":"https:\/\/nvnoticias.mx\/index.php\/wp-json\/wp\/v2\/categories?post=623"},{"taxonomy":"post_tag","embeddable":true,"href":"https:\/\/nvnoticias.mx\/index.php\/wp-json\/wp\/v2\/tags?post=623"}],"curies":[{"name":"wp","href":"https:\/\/api.w.org\/{rel}","templated":true}]}}