{"id":62053,"date":"2022-06-28T09:41:06","date_gmt":"2022-06-28T14:41:06","guid":{"rendered":"https:\/\/nvnoticias.mx\/?p=62053"},"modified":"2022-06-28T09:41:07","modified_gmt":"2022-06-28T14:41:07","slug":"asciende-a-22-migrantes-mexicanos-fallecidos-en-trailer-de-texas","status":"publish","type":"post","link":"https:\/\/nvnoticias.mx\/index.php\/2022\/06\/28\/asciende-a-22-migrantes-mexicanos-fallecidos-en-trailer-de-texas\/","title":{"rendered":"Asciende a 22 migrantes mexicanos fallecidos en tr\u00e1iler de Texas"},"content":{"rendered":"\n<p>Jefe de la Unidad para Am\u00e9rica del Norte de la SRE, Roberto Velasco, inform\u00f3 que eran mexicanos 22 de las 50 personas fallecidas en un tr\u00e1iler en&nbsp;Texas.&nbsp;<\/p>\n\n\n\n<p>Aunque ayer se inform\u00f3 que eran 46 los muertas, hoy esa cifra ascendi\u00f3 a 50.<\/p>\n\n\n\n<p>De las v\u00edctimas, 7 eran de El Salvador, 2 de Honduras y&nbsp;19 sin informaci\u00f3n sobre nacionalidad.&nbsp;<\/p>\n\n\n\n<p>Velasco dijo que apoyar\u00e1n la repatriaci\u00f3n de los cuerpos de las v\u00edctimas mexicanas.<\/p>\n\n\n\n<blockquote class=\"wp-block-quote is-layout-flow wp-block-quote-is-layout-flow\"><p>&#8220;Estamos de luto. Tragedia enorme. M\u00e9xico se incorpora a indagatorias en EU, coordinados con DHS&#8221;, escribi\u00f3 el canciller Marcelo Ebrard. Ayer, se\u00f1al\u00f3 que hay tres detenidos por el hecho.<\/p><\/blockquote>\n\n\n\n<p>Charles Hood, jefe del Departamento de Bomberos de San Antonio,&nbsp;personas fallecieron por asfixia, debido al calor.<\/p>\n\n\n\n<p>\u201cNo se supone que abramos un cami\u00f3n y encontremos pilas de cuerpos all\u00ed\u201d, lament\u00f3.<\/p>\n\n\n\n<p>El Servicio Nacional del Clima report\u00f3 ayer temperaturas que rondaban los 38 grados celsius en la zona. El tr\u00e1iler fue encontrado en Quintana Road, en Southwest Side, cerca de las v\u00edas del tren.<\/p>\n\n\n\n<p>Bomberos, ambulancias, polic\u00edas, agentes fronterizos e incluso personal del Departamento de Seguridad Nacional (DHS, por sus siglas en ingl\u00e9s) acudieron al lugar de la tragedia, indic\u00f3 el diario The New York Times.<\/p>\n\n\n\n<p>El chofer del tr\u00e1iler los habr\u00eda dejado abandonados, de acuerdo con los primeros reportes. Sin embargo, en conferencia de prensa, el jefe de polic\u00eda William McManus, de San Antonio, dijo anoche que hay tres personas detenidas y bajo custodia por estos hechos. Se desconoce si uno de ellos es el chofer.<\/p>\n\n\n\n<p>Tambi\u00e9n precis\u00f3 que los sobrevivientes no contaban con agua ni aire acondicionado. \u201cLos pacientes que vimos estaban calientes al tacto\u201d y adem\u00e1s estaban deshidratados, indic\u00f3. El jefe de bomberos dijo que las v\u00edctimas sufrieron golpes de calor.<\/p>\n\n\n\n<p>Fuente: <a href=\"https:\/\/www.eluniversal.com.mx\/nacion\/mexicanos-22-de-los-migrantes-fallecidos-en-trailer-de-texas\" data-type=\"URL\" data-id=\"https:\/\/www.eluniversal.com.mx\/nacion\/mexicanos-22-de-los-migrantes-fallecidos-en-trailer-de-texas\">El universal<\/a> <\/p>\n","protected":false},"excerpt":{"rendered":"<p>Jefe de la Unidad para Am\u00e9rica del Norte de la SRE, Roberto Velasco, inform\u00f3 que eran mexicanos 22 de las 50 personas fallecidas en un tr\u00e1iler en&nbsp;Texas.&nbsp; Aunque ayer se inform\u00f3 que eran 46 los muertas, hoy esa cifra ascendi\u00f3 a 50. De las v\u00edctimas, 7 eran de El Salvador, 2 de Honduras y&nbsp;19 sin [&hellip;]<\/p>\n","protected":false},"author":35,"featured_media":62058,"comment_status":"open","ping_status":"open","sticky":false,"template":"","format":"standard","meta":{"_monsterinsights_skip_tracking":false,"_monsterinsights_sitenote_active":false,"_monsterinsights_sitenote_note":"","_monsterinsights_sitenote_category":0,"footnotes":""},"categories":[157],"tags":[16543,257,452,162,918,6843],"class_list":["post-62053","post","type-post","status-publish","format-standard","has-post-thumbnail","hentry","category-nacional","tag-asciende","tag-mexicanos","tag-migrantes","tag-portada","tag-texas","tag-trailer-2","wp-image-borders"],"amp_enabled":true,"_links":{"self":[{"href":"https:\/\/nvnoticias.mx\/index.php\/wp-json\/wp\/v2\/posts\/62053","targetHints":{"allow":["GET"]}}],"collection":[{"href":"https:\/\/nvnoticias.mx\/index.php\/wp-json\/wp\/v2\/posts"}],"about":[{"href":"https:\/\/nvnoticias.mx\/index.php\/wp-json\/wp\/v2\/types\/post"}],"author":[{"embeddable":true,"href":"https:\/\/nvnoticias.mx\/index.php\/wp-json\/wp\/v2\/users\/35"}],"replies":[{"embeddable":true,"href":"https:\/\/nvnoticias.mx\/index.php\/wp-json\/wp\/v2\/comments?post=62053"}],"version-history":[{"count":5,"href":"https:\/\/nvnoticias.mx\/index.php\/wp-json\/wp\/v2\/posts\/62053\/revisions"}],"predecessor-version":[{"id":62059,"href":"https:\/\/nvnoticias.mx\/index.php\/wp-json\/wp\/v2\/posts\/62053\/revisions\/62059"}],"wp:featuredmedia":[{"embeddable":true,"href":"https:\/\/nvnoticias.mx\/index.php\/wp-json\/wp\/v2\/media\/62058"}],"wp:attachment":[{"href":"https:\/\/nvnoticias.mx\/index.php\/wp-json\/wp\/v2\/media?parent=62053"}],"wp:term":[{"taxonomy":"category","embeddable":true,"href":"https:\/\/nvnoticias.mx\/index.php\/wp-json\/wp\/v2\/categories?post=62053"},{"taxonomy":"post_tag","embeddable":true,"href":"https:\/\/nvnoticias.mx\/index.php\/wp-json\/wp\/v2\/tags?post=62053"}],"curies":[{"name":"wp","href":"https:\/\/api.w.org\/{rel}","templated":true}]}}