{"id":61906,"date":"2022-06-27T12:12:52","date_gmt":"2022-06-27T17:12:52","guid":{"rendered":"https:\/\/nvnoticias.mx\/?p=61906"},"modified":"2022-06-27T12:12:54","modified_gmt":"2022-06-27T17:12:54","slug":"deja-tornado-al-menos-un-muerto-en-holanda","status":"publish","type":"post","link":"https:\/\/nvnoticias.mx\/index.php\/2022\/06\/27\/deja-tornado-al-menos-un-muerto-en-holanda\/","title":{"rendered":"Deja tornado al menos un muerto en Holanda"},"content":{"rendered":"\n<p><strong>Un tornado mat\u00f3 al menos a una persona e hiri\u00f3 a otras diez el lunes en la ciudad costera de Zierikzee, en el suroeste de Pa\u00edses Bajos<\/strong>, informaron los servicios de emergencia.<\/p>\n\n\n\n<p>El torbellino hizo volar tejados de cuatro casas y provoc\u00f3 el derrumbe de la fachada de una de ellas, inform\u00f3 la autoridad de seguridad de la provincia de Zelanda en un comunicado.<\/p>\n\n\n\n<blockquote class=\"wp-block-quote is-layout-flow wp-block-quote-is-layout-flow\"><p><strong>&#8220;Lamentablemente, hubo una v\u00edctima mortal en el tornado. Adem\u00e1s, el primer balance es de unos diez heridos&#8221;<\/strong>, a\u00f1adi\u00f3, indicando que &#8220;los da\u00f1os son considerables en varias calles de Zierikzee&#8221;.<\/p><\/blockquote>\n\n\n\n<p>Im\u00e1genes en las redes sociales mostraban escombros en el aire sobre una columna de viento as\u00ed como un gran embudo blanco de nubes.<\/p>\n\n\n\n<p>Los servicios de emergencia pidieron a la poblaci\u00f3n mantenerse alejada de la zona para facilitar el acceso de la polic\u00eda y los bomberos y por el peligro de ca\u00edda de tejas y ramas.<\/p>\n\n\n\n<p><strong>Pa\u00edses Bajos registra varios tornados al a\u00f1o pero el \u00faltimo con v\u00edctimas mortales ocurri\u00f3 en 1992, seg\u00fan la cadena televisiva NOS<\/strong>.<\/p>\n\n\n\n<p>Fuente: <a href=\"https:\/\/www.milenio.com\/internacional\/tornado-deja-un-muerto-en-holanda\" data-type=\"URL\" data-id=\"https:\/\/www.milenio.com\/internacional\/tornado-deja-un-muerto-en-holanda\">Milenio<\/a><\/p>\n","protected":false},"excerpt":{"rendered":"<p>Un tornado mat\u00f3 al menos a una persona e hiri\u00f3 a otras diez el lunes en la ciudad costera de Zierikzee, en el suroeste de Pa\u00edses Bajos, informaron los servicios de emergencia. El torbellino hizo volar tejados de cuatro casas y provoc\u00f3 el derrumbe de la fachada de una de ellas, inform\u00f3 la autoridad de [&hellip;]<\/p>\n","protected":false},"author":35,"featured_media":13469,"comment_status":"open","ping_status":"open","sticky":false,"template":"","format":"standard","meta":{"_monsterinsights_skip_tracking":false,"_monsterinsights_sitenote_active":false,"_monsterinsights_sitenote_note":"","_monsterinsights_sitenote_category":0,"footnotes":""},"categories":[181],"tags":[693,1117,3741],"class_list":["post-61906","post","type-post","status-publish","format-standard","has-post-thumbnail","hentry","category-internacional","tag-holanda","tag-muerto","tag-tornado","wp-image-borders"],"amp_enabled":true,"_links":{"self":[{"href":"https:\/\/nvnoticias.mx\/index.php\/wp-json\/wp\/v2\/posts\/61906","targetHints":{"allow":["GET"]}}],"collection":[{"href":"https:\/\/nvnoticias.mx\/index.php\/wp-json\/wp\/v2\/posts"}],"about":[{"href":"https:\/\/nvnoticias.mx\/index.php\/wp-json\/wp\/v2\/types\/post"}],"author":[{"embeddable":true,"href":"https:\/\/nvnoticias.mx\/index.php\/wp-json\/wp\/v2\/users\/35"}],"replies":[{"embeddable":true,"href":"https:\/\/nvnoticias.mx\/index.php\/wp-json\/wp\/v2\/comments?post=61906"}],"version-history":[{"count":4,"href":"https:\/\/nvnoticias.mx\/index.php\/wp-json\/wp\/v2\/posts\/61906\/revisions"}],"predecessor-version":[{"id":61911,"href":"https:\/\/nvnoticias.mx\/index.php\/wp-json\/wp\/v2\/posts\/61906\/revisions\/61911"}],"wp:featuredmedia":[{"embeddable":true,"href":"https:\/\/nvnoticias.mx\/index.php\/wp-json\/wp\/v2\/media\/13469"}],"wp:attachment":[{"href":"https:\/\/nvnoticias.mx\/index.php\/wp-json\/wp\/v2\/media?parent=61906"}],"wp:term":[{"taxonomy":"category","embeddable":true,"href":"https:\/\/nvnoticias.mx\/index.php\/wp-json\/wp\/v2\/categories?post=61906"},{"taxonomy":"post_tag","embeddable":true,"href":"https:\/\/nvnoticias.mx\/index.php\/wp-json\/wp\/v2\/tags?post=61906"}],"curies":[{"name":"wp","href":"https:\/\/api.w.org\/{rel}","templated":true}]}}