{"id":61714,"date":"2022-06-25T16:49:44","date_gmt":"2022-06-25T21:49:44","guid":{"rendered":"https:\/\/nvnoticias.mx\/?p=61714"},"modified":"2022-06-25T16:49:44","modified_gmt":"2022-06-25T21:49:44","slug":"animalistas-critican-realizacion-de-la-xiquenada","status":"publish","type":"post","link":"https:\/\/nvnoticias.mx\/index.php\/2022\/06\/25\/animalistas-critican-realizacion-de-la-xiquenada\/","title":{"rendered":"Animalistas critican realizaci\u00f3n de la Xique\u00f1ada"},"content":{"rendered":"\n<p><strong>Sam Ojeda\u00a0 | NV Noticias<\/strong><\/p>\n\n\n\n<p>Xalapa.- La coordinadora del proyecto de Acciones para el Respeto y Protecci\u00f3n Animal (ARPA), Lourdes Jim\u00e9nez Mora, advirti\u00f3 que\u00a0 es lamentable que las autoridades violenten la ley que proh\u00edbe el maltrato animal al anunciar que se realizar\u00e1 la Xique\u00f1ada el pr\u00f3ximo 22 de julio.<\/p>\n\n\n\n<blockquote class=\"wp-block-quote is-layout-flow wp-block-quote-is-layout-flow\"><p>\u201cEs lamentable que las autoridades sigan permitiendo este tipo de actividades aunque sabemos que hay una prohibici\u00f3n; buscan violentar la ley cambiando nombres aunque la actividad son las mismas y legalmente hablando no tienen un sustento\u201d.<\/p><\/blockquote>\n\n\n\n<p>Dijo que no es la mayor\u00eda de personas de Xico las que las impulsan, sino de personas cuyos ingresos provienen del maltrato animal o la venta de bebidas alcoh\u00f3licas.\u00a0<\/p>\n\n\n\n<blockquote class=\"wp-block-quote is-layout-flow wp-block-quote-is-layout-flow\"><p>\u201cSabemos que es un negocio violento, que lastima la vida animal y que por ley est\u00e1 prohibido; nuestra principal preocupaci\u00f3n es ver que las autoridades tanto estatales como municipales est\u00e1n buscando c\u00f3mo violentar la ley cambiando palabras\u201d.<\/p><\/blockquote>\n\n\n\n<p>La activista coment\u00f3 que aunque hay elementos legales para evitar la realizaci\u00f3n de la Xique\u00f1ada es muy probable que se lleve a cabo tal como est\u00e1 planeada, pues insisti\u00f3 en que son actividades impulsadas por las propias autoridades.\u00a0<br><\/p>\n\n\n\n<blockquote class=\"wp-block-quote is-layout-flow wp-block-quote-is-layout-flow\"><p>\u201cCuando tenemos autoridades que est\u00e1n de la mano de estas actividades il\u00edcitas no vamos a poder evitarlas. Como activista dijo que no creo que se pueda evitar, pero a nivel legal s\u00ed hay el tiempo para poder evitarla\u201d.\u00a0<\/p><\/blockquote>\n","protected":false},"excerpt":{"rendered":"<p>Sam Ojeda\u00a0 | NV Noticias Xalapa.- La coordinadora del proyecto de Acciones para el Respeto y Protecci\u00f3n Animal (ARPA), Lourdes Jim\u00e9nez Mora, advirti\u00f3 que\u00a0 es lamentable que las autoridades violenten la ley que proh\u00edbe el maltrato animal al anunciar que se realizar\u00e1 la Xique\u00f1ada el pr\u00f3ximo 22 de julio. \u201cEs lamentable que las autoridades sigan [&hellip;]<\/p>\n","protected":false},"author":35,"featured_media":61715,"comment_status":"open","ping_status":"open","sticky":false,"template":"","format":"standard","meta":{"_monsterinsights_skip_tracking":false,"_monsterinsights_sitenote_active":false,"_monsterinsights_sitenote_note":"","_monsterinsights_sitenote_category":0,"footnotes":""},"categories":[156],"tags":[16469,8833,9755,4469],"class_list":["post-61714","post","type-post","status-publish","format-standard","has-post-thumbnail","hentry","category-estado","tag-animalistas","tag-critican","tag-realizacion","tag-xiquenada","wp-image-borders"],"amp_enabled":true,"_links":{"self":[{"href":"https:\/\/nvnoticias.mx\/index.php\/wp-json\/wp\/v2\/posts\/61714","targetHints":{"allow":["GET"]}}],"collection":[{"href":"https:\/\/nvnoticias.mx\/index.php\/wp-json\/wp\/v2\/posts"}],"about":[{"href":"https:\/\/nvnoticias.mx\/index.php\/wp-json\/wp\/v2\/types\/post"}],"author":[{"embeddable":true,"href":"https:\/\/nvnoticias.mx\/index.php\/wp-json\/wp\/v2\/users\/35"}],"replies":[{"embeddable":true,"href":"https:\/\/nvnoticias.mx\/index.php\/wp-json\/wp\/v2\/comments?post=61714"}],"version-history":[{"count":1,"href":"https:\/\/nvnoticias.mx\/index.php\/wp-json\/wp\/v2\/posts\/61714\/revisions"}],"predecessor-version":[{"id":61716,"href":"https:\/\/nvnoticias.mx\/index.php\/wp-json\/wp\/v2\/posts\/61714\/revisions\/61716"}],"wp:featuredmedia":[{"embeddable":true,"href":"https:\/\/nvnoticias.mx\/index.php\/wp-json\/wp\/v2\/media\/61715"}],"wp:attachment":[{"href":"https:\/\/nvnoticias.mx\/index.php\/wp-json\/wp\/v2\/media?parent=61714"}],"wp:term":[{"taxonomy":"category","embeddable":true,"href":"https:\/\/nvnoticias.mx\/index.php\/wp-json\/wp\/v2\/categories?post=61714"},{"taxonomy":"post_tag","embeddable":true,"href":"https:\/\/nvnoticias.mx\/index.php\/wp-json\/wp\/v2\/tags?post=61714"}],"curies":[{"name":"wp","href":"https:\/\/api.w.org\/{rel}","templated":true}]}}