{"id":61702,"date":"2022-06-25T16:10:42","date_gmt":"2022-06-25T21:10:42","guid":{"rendered":"https:\/\/nvnoticias.mx\/?p=61702"},"modified":"2022-06-25T16:10:43","modified_gmt":"2022-06-25T21:10:43","slug":"federalizada-la-nomina-magisterial-en-dos-meses-adan-augusto-lopez","status":"publish","type":"post","link":"https:\/\/nvnoticias.mx\/index.php\/2022\/06\/25\/federalizada-la-nomina-magisterial-en-dos-meses-adan-augusto-lopez\/","title":{"rendered":"Federalizada la n\u00f3mina magisterial en dos meses: Ad\u00e1n Augusto L\u00f3pez"},"content":{"rendered":"\n<p>En entrevista en la&nbsp;capital michoacana, despu\u00e9s de participar como invitado especial en los festejos de Morena denominados &#8220;BedollaFest&#8221;,<strong>&nbsp;por un a\u00f1o de la victoria de Alfredo Ram\u00edrez Bedolla<\/strong>, el secretario&nbsp;<strong>Ad\u00e1n Augusto L\u00f3pez<\/strong>&nbsp;asegur\u00f3 que se le da un puntual seguimiento al proceso de federalizaci\u00f3n de la n\u00f3mina magisterial.<\/p>\n\n\n\n<blockquote class=\"wp-block-quote is-layout-flow wp-block-quote-is-layout-flow\"><p>&#8220;En eso estamos trabajando, hay tres estados que seguramente en uno o dos meses debe quedar la federalizaci\u00f3n (&#8230;) se est\u00e1 trabajando, hay toda una tramitolog\u00eda que tiene que hacerse&#8221;.<\/p><\/blockquote>\n\n\n\n<p>Reiter\u00f3 el apoyo del gobierno federal al gobernador\u00a0<strong>Alfredo Ram\u00edrez Bedolla, para atender a la secci\u00f3n XVIII de la Coordinadora Nacional de Trabajadores de la Educaci\u00f3n.<\/strong><\/p>\n\n\n\n<blockquote class=\"wp-block-quote is-layout-flow wp-block-quote-is-layout-flow\"><p>&#8220;No es un asunto f\u00e1cil porque, como ustedes saben, como tantos rubros abusaron del\u00a0pueblo\u00a0de Michoac\u00e1n, abusaron del poder, acabaron o intentaron acabar con la estructura, estamos trabajando con ellos, el gobierno federal va apoyar al gobernador&#8221;,\u00a0\u00a0asever\u00f3.<\/p><\/blockquote>\n\n\n\n<p>Fuente:<a href=\"https:\/\/heraldodemexico.com.mx\/nacional\/2022\/6\/25\/federalizada-la-nomina-magisterial-en-dos-meses-adan-augusto-lopez-416630.html\" data-type=\"URL\" data-id=\"https:\/\/heraldodemexico.com.mx\/nacional\/2022\/6\/25\/federalizada-la-nomina-magisterial-en-dos-meses-adan-augusto-lopez-416630.html\"> El Heraldo de M\u00e9xico<\/a><\/p>\n","protected":false},"excerpt":{"rendered":"<p>En entrevista en la&nbsp;capital michoacana, despu\u00e9s de participar como invitado especial en los festejos de Morena denominados &#8220;BedollaFest&#8221;,&nbsp;por un a\u00f1o de la victoria de Alfredo Ram\u00edrez Bedolla, el secretario&nbsp;Ad\u00e1n Augusto L\u00f3pez&nbsp;asegur\u00f3 que se le da un puntual seguimiento al proceso de federalizaci\u00f3n de la n\u00f3mina magisterial. &#8220;En eso estamos trabajando, hay tres estados que seguramente [&hellip;]<\/p>\n","protected":false},"author":35,"featured_media":36123,"comment_status":"open","ping_status":"open","sticky":false,"template":"","format":"standard","meta":{"_monsterinsights_skip_tracking":false,"_monsterinsights_sitenote_active":false,"_monsterinsights_sitenote_note":"","_monsterinsights_sitenote_category":0,"footnotes":""},"categories":[158],"tags":[16465,16462,16464,16463],"class_list":["post-61702","post","type-post","status-publish","format-standard","has-post-thumbnail","hentry","category-politica","tag-adan-augusto-lopez","tag-federalizada","tag-magisterial","tag-nominada-2","wp-image-borders"],"amp_enabled":true,"_links":{"self":[{"href":"https:\/\/nvnoticias.mx\/index.php\/wp-json\/wp\/v2\/posts\/61702","targetHints":{"allow":["GET"]}}],"collection":[{"href":"https:\/\/nvnoticias.mx\/index.php\/wp-json\/wp\/v2\/posts"}],"about":[{"href":"https:\/\/nvnoticias.mx\/index.php\/wp-json\/wp\/v2\/types\/post"}],"author":[{"embeddable":true,"href":"https:\/\/nvnoticias.mx\/index.php\/wp-json\/wp\/v2\/users\/35"}],"replies":[{"embeddable":true,"href":"https:\/\/nvnoticias.mx\/index.php\/wp-json\/wp\/v2\/comments?post=61702"}],"version-history":[{"count":1,"href":"https:\/\/nvnoticias.mx\/index.php\/wp-json\/wp\/v2\/posts\/61702\/revisions"}],"predecessor-version":[{"id":61703,"href":"https:\/\/nvnoticias.mx\/index.php\/wp-json\/wp\/v2\/posts\/61702\/revisions\/61703"}],"wp:featuredmedia":[{"embeddable":true,"href":"https:\/\/nvnoticias.mx\/index.php\/wp-json\/wp\/v2\/media\/36123"}],"wp:attachment":[{"href":"https:\/\/nvnoticias.mx\/index.php\/wp-json\/wp\/v2\/media?parent=61702"}],"wp:term":[{"taxonomy":"category","embeddable":true,"href":"https:\/\/nvnoticias.mx\/index.php\/wp-json\/wp\/v2\/categories?post=61702"},{"taxonomy":"post_tag","embeddable":true,"href":"https:\/\/nvnoticias.mx\/index.php\/wp-json\/wp\/v2\/tags?post=61702"}],"curies":[{"name":"wp","href":"https:\/\/api.w.org\/{rel}","templated":true}]}}