{"id":61686,"date":"2022-06-25T14:44:41","date_gmt":"2022-06-25T19:44:41","guid":{"rendered":"https:\/\/nvnoticias.mx\/?p=61686"},"modified":"2022-06-25T14:44:43","modified_gmt":"2022-06-25T19:44:43","slug":"se-incendia-refineria-de-pemex-en-nuevo-leon","status":"publish","type":"post","link":"https:\/\/nvnoticias.mx\/index.php\/2022\/06\/25\/se-incendia-refineria-de-pemex-en-nuevo-leon\/","title":{"rendered":"Se incendia refiner\u00eda de Pemex en Nuevo Le\u00f3n"},"content":{"rendered":"\n<p>Este s\u00e1bado se registr\u00f3 un&nbsp;<strong>fuerte<\/strong>&nbsp;<strong>incendio en la refiner\u00eda de Cadereyta<\/strong>&nbsp;ubicada en Nuevo Le\u00f3n, inform\u00f3 Protecci\u00f3n Civil estatal.<\/p>\n\n\n\n<p>De acuerdo con la corporaci\u00f3n, el siniestro ocurri\u00f3 en un calendator&nbsp; de una hidrodesulfuradora.<\/p>\n\n\n\n<p>Lo anterior fue la raz\u00f3n de la gran columna de humo que se visualiz\u00f3 desde la carretera a Reynosa y que fue reportada por los ciudadanos cercanos a la zona.<\/p>\n\n\n\n<p>Sin embargo, la dependencia estatal asegur\u00f3 que controlaron el fuego de forma oportuna y\u00a0<strong>no se reportaron personas lesionadas.<\/strong><\/p>\n\n\n\n<p>Fuente: <a href=\"https:\/\/www.milenio.com\/estados\/nuevo-leon-reportan-incendio-en-refineria-de-cadereyta\" data-type=\"URL\" data-id=\"https:\/\/www.milenio.com\/estados\/nuevo-leon-reportan-incendio-en-refineria-de-cadereyta\">Milenio<\/a><\/p>\n","protected":false},"excerpt":{"rendered":"<p>Este s\u00e1bado se registr\u00f3 un&nbsp;fuerte&nbsp;incendio en la refiner\u00eda de Cadereyta&nbsp;ubicada en Nuevo Le\u00f3n, inform\u00f3 Protecci\u00f3n Civil estatal. De acuerdo con la corporaci\u00f3n, el siniestro ocurri\u00f3 en un calendator&nbsp; de una hidrodesulfuradora. Lo anterior fue la raz\u00f3n de la gran columna de humo que se visualiz\u00f3 desde la carretera a Reynosa y que fue reportada por [&hellip;]<\/p>\n","protected":false},"author":35,"featured_media":2361,"comment_status":"open","ping_status":"open","sticky":false,"template":"","format":"standard","meta":{"_monsterinsights_skip_tracking":false,"_monsterinsights_sitenote_active":false,"_monsterinsights_sitenote_note":"","_monsterinsights_sitenote_category":0,"footnotes":""},"categories":[157],"tags":[16456,16455],"class_list":["post-61686","post","type-post","status-publish","format-standard","has-post-thumbnail","hentry","category-nacional","tag-refineria-de-pemex","tag-se-incendia","wp-image-borders"],"amp_enabled":true,"_links":{"self":[{"href":"https:\/\/nvnoticias.mx\/index.php\/wp-json\/wp\/v2\/posts\/61686","targetHints":{"allow":["GET"]}}],"collection":[{"href":"https:\/\/nvnoticias.mx\/index.php\/wp-json\/wp\/v2\/posts"}],"about":[{"href":"https:\/\/nvnoticias.mx\/index.php\/wp-json\/wp\/v2\/types\/post"}],"author":[{"embeddable":true,"href":"https:\/\/nvnoticias.mx\/index.php\/wp-json\/wp\/v2\/users\/35"}],"replies":[{"embeddable":true,"href":"https:\/\/nvnoticias.mx\/index.php\/wp-json\/wp\/v2\/comments?post=61686"}],"version-history":[{"count":1,"href":"https:\/\/nvnoticias.mx\/index.php\/wp-json\/wp\/v2\/posts\/61686\/revisions"}],"predecessor-version":[{"id":61687,"href":"https:\/\/nvnoticias.mx\/index.php\/wp-json\/wp\/v2\/posts\/61686\/revisions\/61687"}],"wp:featuredmedia":[{"embeddable":true,"href":"https:\/\/nvnoticias.mx\/index.php\/wp-json\/wp\/v2\/media\/2361"}],"wp:attachment":[{"href":"https:\/\/nvnoticias.mx\/index.php\/wp-json\/wp\/v2\/media?parent=61686"}],"wp:term":[{"taxonomy":"category","embeddable":true,"href":"https:\/\/nvnoticias.mx\/index.php\/wp-json\/wp\/v2\/categories?post=61686"},{"taxonomy":"post_tag","embeddable":true,"href":"https:\/\/nvnoticias.mx\/index.php\/wp-json\/wp\/v2\/tags?post=61686"}],"curies":[{"name":"wp","href":"https:\/\/api.w.org\/{rel}","templated":true}]}}