{"id":61655,"date":"2022-06-25T12:13:49","date_gmt":"2022-06-25T17:13:49","guid":{"rendered":"https:\/\/nvnoticias.mx\/?p=61655"},"modified":"2022-06-25T12:13:51","modified_gmt":"2022-06-25T17:13:51","slug":"colectivos-exigen-a-fge-ingresar-en-predio-de-medellin-por-hallazgo-de-restos-humanos","status":"publish","type":"post","link":"https:\/\/nvnoticias.mx\/index.php\/2022\/06\/25\/colectivos-exigen-a-fge-ingresar-en-predio-de-medellin-por-hallazgo-de-restos-humanos\/","title":{"rendered":"Colectivos exigen a FGE ingresar en predio de Medell\u00edn por hallazgo de restos humanos"},"content":{"rendered":"\n<p><strong>Sam Ojeda\u00a0| NV Noticias<\/strong><\/p>\n\n\n\n<p>Xalapa.- Integrantes del Colectivo Familiares Enlaces Xalapa marcharon desde el pante\u00f3n Palo Verde como cada mes para recordar a personas desaparecidas durante este mes.<\/p>\n\n\n\n<p>La vocera del colectivo, Victoria Delgadillo Romero, tambi\u00e9n demand\u00f3 el ingreso al predio El Abuelo en el municipio de Medellin en donde hallaron un cuerpo.<\/p>\n\n\n\n<p>Indic\u00f3 que la Fiscal\u00eda General de Veracruz no ha otorgado el permiso para ingresar y asegura que el sitio est\u00e1 asegurado a pesar de que durante el hallazgo del cuerpo no hab\u00eda sellos ni indicios de que el sitio estuviera resguardado.\u00a0<\/p>\n\n\n\n<blockquote class=\"wp-block-quote is-layout-flow wp-block-quote-is-layout-flow\"><p>\u201cEstamos esperando para que junto con los compa\u00f1eros que hacen la b\u00fasqueda entremos todos los colectivos a b\u00fasqueda porque ellos est\u00e1n m\u00e1s cerca de aquella zona y le pidieron a la FGE que entren todos los colectivos, no solo dos\u201d.<\/p><\/blockquote>\n\n\n\n<p>Dijo que solicitaron tambi\u00e9n a la Fiscal\u00eda General de la Rep\u00fablica (FGR) que env\u00ede un fiscal para los trabajos de b\u00fasqueda en este sitio, pero a\u00fan no hay respuesta.\u00a0<\/p>\n\n\n\n<blockquote class=\"wp-block-quote is-layout-flow wp-block-quote-is-layout-flow\"><p>\u201cTenemos carpeta en la FGR. El fiscal al tener informaci\u00f3n de ese lugar se le pide que venga pero el predio no estaba acordonado ni ten\u00eda ning\u00fan sello de aseguramiento\u201d.<\/p><\/blockquote>\n\n\n\n<p>Delgadillo Romero agreg\u00f3 que en la fosa clandestina de La Guapota se han intervenido poco m\u00e1s de 20 pero son 78 fosas en total, por lo que siguen trabajando en el sitio.\u00a0<\/p>\n\n\n\n<blockquote class=\"wp-block-quote is-layout-flow wp-block-quote-is-layout-flow\"><p>\u201cSe llevan poco m\u00e1s de 20, faltan m\u00e1s de la mitad. Cada mes vamos dos semanas, s\u00ed hemos recuperado bastantes cuerpos de ah\u00ed\u201d.\u00a0<\/p><\/blockquote>\n","protected":false},"excerpt":{"rendered":"<p>Sam Ojeda\u00a0| NV Noticias Xalapa.- Integrantes del Colectivo Familiares Enlaces Xalapa marcharon desde el pante\u00f3n Palo Verde como cada mes para recordar a personas desaparecidas durante este mes. La vocera del colectivo, Victoria Delgadillo Romero, tambi\u00e9n demand\u00f3 el ingreso al predio El Abuelo en el municipio de Medellin en donde hallaron un cuerpo. Indic\u00f3 que [&hellip;]<\/p>\n","protected":false},"author":35,"featured_media":31504,"comment_status":"open","ping_status":"open","sticky":false,"template":"","format":"standard","meta":{"_monsterinsights_skip_tracking":false,"_monsterinsights_sitenote_active":false,"_monsterinsights_sitenote_note":"","_monsterinsights_sitenote_category":0,"footnotes":""},"categories":[156],"tags":[360,7825,866,15386,608,10826,678],"class_list":["post-61655","post","type-post","status-publish","format-standard","has-post-thumbnail","hentry","category-estado","tag-colectivos","tag-exigen","tag-fge","tag-ingresar","tag-medellin","tag-predio","tag-restos-humanos","wp-image-borders"],"amp_enabled":true,"_links":{"self":[{"href":"https:\/\/nvnoticias.mx\/index.php\/wp-json\/wp\/v2\/posts\/61655","targetHints":{"allow":["GET"]}}],"collection":[{"href":"https:\/\/nvnoticias.mx\/index.php\/wp-json\/wp\/v2\/posts"}],"about":[{"href":"https:\/\/nvnoticias.mx\/index.php\/wp-json\/wp\/v2\/types\/post"}],"author":[{"embeddable":true,"href":"https:\/\/nvnoticias.mx\/index.php\/wp-json\/wp\/v2\/users\/35"}],"replies":[{"embeddable":true,"href":"https:\/\/nvnoticias.mx\/index.php\/wp-json\/wp\/v2\/comments?post=61655"}],"version-history":[{"count":1,"href":"https:\/\/nvnoticias.mx\/index.php\/wp-json\/wp\/v2\/posts\/61655\/revisions"}],"predecessor-version":[{"id":61656,"href":"https:\/\/nvnoticias.mx\/index.php\/wp-json\/wp\/v2\/posts\/61655\/revisions\/61656"}],"wp:featuredmedia":[{"embeddable":true,"href":"https:\/\/nvnoticias.mx\/index.php\/wp-json\/wp\/v2\/media\/31504"}],"wp:attachment":[{"href":"https:\/\/nvnoticias.mx\/index.php\/wp-json\/wp\/v2\/media?parent=61655"}],"wp:term":[{"taxonomy":"category","embeddable":true,"href":"https:\/\/nvnoticias.mx\/index.php\/wp-json\/wp\/v2\/categories?post=61655"},{"taxonomy":"post_tag","embeddable":true,"href":"https:\/\/nvnoticias.mx\/index.php\/wp-json\/wp\/v2\/tags?post=61655"}],"curies":[{"name":"wp","href":"https:\/\/api.w.org\/{rel}","templated":true}]}}