{"id":61641,"date":"2022-06-25T11:42:08","date_gmt":"2022-06-25T16:42:08","guid":{"rendered":"https:\/\/nvnoticias.mx\/?p=61641"},"modified":"2022-06-25T11:42:10","modified_gmt":"2022-06-25T16:42:10","slug":"recibe-nicolas-maduro-las-cartas-credenciales-de-leopoldo-de-gyves","status":"publish","type":"post","link":"https:\/\/nvnoticias.mx\/index.php\/2022\/06\/25\/recibe-nicolas-maduro-las-cartas-credenciales-de-leopoldo-de-gyves\/","title":{"rendered":"Recibe Nicol\u00e1s Maduro las cartas credenciales de Leopoldo de Gyves"},"content":{"rendered":"\n<p>El presidente de Venezuela, Nicol\u00e1s Maduro, recibi\u00f3 este viernes las cartas credenciales del nuevo embajador de M\u00e9xico, Leopoldo de Gyves.<\/p>\n\n\n\n<p>El embajador fue recibido por Maduro en el palacio presidencial de Miraflores, en Caracas, mientras el evento fue transmitido por el canal estatal Venezolana de Televisi\u00f3n (VTV), detalla la agencia de noticias EFE.<\/p>\n\n\n\n<p>El Gobierno de M\u00e9xico anunci\u00f3 el pasado 3 de junio que promover\u00eda la \u201cdiplomacia ind\u00edgena\u201d con el nombramiento de Leopoldo de Gyves, de origen zapoteco, como embajador de Venezuela, con lo que se convierte en el primer hombre de un pueblo originario en ocupar un cargo as\u00ed.<\/p>\n\n\n\n<blockquote class=\"wp-block-quote is-layout-flow wp-block-quote-is-layout-flow\"><p>\u201cNuestra pol\u00edtica exterior debe tener esa dimensi\u00f3n y Leopoldo tiene tambi\u00e9n esa responsabilidad ahora en Venezuela. Ya est\u00e1 promoviendo, y as\u00ed lo haremos en otras embajadas, el \u2018Encuentro de los pueblos originarios\u2019 de todo el continente y de otras civilizaciones\u201d, declar\u00f3 el canciller mexicano, Marcelo Ebrard.<\/p><\/blockquote>\n\n\n\n<p>En la recepci\u00f3n de este viernes encabezada por Nicol\u00e1s Maduro tambi\u00e9n fue recibida la embajadora de Nicaragua, Mar\u00eda Isabel Mart\u00ednez, quien lleg\u00f3 a Venezuela el pasado 16 de junio en sustituci\u00f3n de Orlando Jos\u00e9 G\u00f3mez, quien estuvo en el cargo menos de tres meses. En el arranque de junio, el secretario de Relaciones Exteriores particip\u00f3 en el primer \u201cEncuentro de diplomacia ind\u00edgena\u201d, en el que resalt\u00f3 que De Gyves \u201ces el primer embajador mexicano ind\u00edgena\u201d, al pertenecer al pueblo zapoteco, como el presidente Benito Ju\u00e1rez, quien encabez\u00f3 el movimiento liberal del siglo XIX.<\/p>\n\n\n\n<p>Fuente:<a href=\"https:\/\/www.forbes.com.mx\/nicolas-maduro-recibe-las-cartas-credenciales-de-leopoldo-de-gyves\/\" data-type=\"URL\" data-id=\"https:\/\/www.forbes.com.mx\/nicolas-maduro-recibe-las-cartas-credenciales-de-leopoldo-de-gyves\/\"> Forbes<\/a><\/p>\n","protected":false},"excerpt":{"rendered":"<p>El presidente de Venezuela, Nicol\u00e1s Maduro, recibi\u00f3 este viernes las cartas credenciales del nuevo embajador de M\u00e9xico, Leopoldo de Gyves. El embajador fue recibido por Maduro en el palacio presidencial de Miraflores, en Caracas, mientras el evento fue transmitido por el canal estatal Venezolana de Televisi\u00f3n (VTV), detalla la agencia de noticias EFE. El Gobierno [&hellip;]<\/p>\n","protected":false},"author":35,"featured_media":24995,"comment_status":"open","ping_status":"open","sticky":false,"template":"","format":"standard","meta":{"_monsterinsights_skip_tracking":false,"_monsterinsights_sitenote_active":false,"_monsterinsights_sitenote_note":"","_monsterinsights_sitenote_category":0,"footnotes":""},"categories":[181],"tags":[16435,16436,1505,7909],"class_list":["post-61641","post","type-post","status-publish","format-standard","has-post-thumbnail","hentry","category-internacional","tag-cartas-credenciales","tag-leopoldo-de-gyves","tag-nicolas-maduro","tag-recibe","wp-image-borders"],"amp_enabled":true,"_links":{"self":[{"href":"https:\/\/nvnoticias.mx\/index.php\/wp-json\/wp\/v2\/posts\/61641","targetHints":{"allow":["GET"]}}],"collection":[{"href":"https:\/\/nvnoticias.mx\/index.php\/wp-json\/wp\/v2\/posts"}],"about":[{"href":"https:\/\/nvnoticias.mx\/index.php\/wp-json\/wp\/v2\/types\/post"}],"author":[{"embeddable":true,"href":"https:\/\/nvnoticias.mx\/index.php\/wp-json\/wp\/v2\/users\/35"}],"replies":[{"embeddable":true,"href":"https:\/\/nvnoticias.mx\/index.php\/wp-json\/wp\/v2\/comments?post=61641"}],"version-history":[{"count":1,"href":"https:\/\/nvnoticias.mx\/index.php\/wp-json\/wp\/v2\/posts\/61641\/revisions"}],"predecessor-version":[{"id":61642,"href":"https:\/\/nvnoticias.mx\/index.php\/wp-json\/wp\/v2\/posts\/61641\/revisions\/61642"}],"wp:featuredmedia":[{"embeddable":true,"href":"https:\/\/nvnoticias.mx\/index.php\/wp-json\/wp\/v2\/media\/24995"}],"wp:attachment":[{"href":"https:\/\/nvnoticias.mx\/index.php\/wp-json\/wp\/v2\/media?parent=61641"}],"wp:term":[{"taxonomy":"category","embeddable":true,"href":"https:\/\/nvnoticias.mx\/index.php\/wp-json\/wp\/v2\/categories?post=61641"},{"taxonomy":"post_tag","embeddable":true,"href":"https:\/\/nvnoticias.mx\/index.php\/wp-json\/wp\/v2\/tags?post=61641"}],"curies":[{"name":"wp","href":"https:\/\/api.w.org\/{rel}","templated":true}]}}