{"id":61547,"date":"2022-06-24T14:36:59","date_gmt":"2022-06-24T19:36:59","guid":{"rendered":"https:\/\/nvnoticias.mx\/?p=61547"},"modified":"2022-06-24T15:21:50","modified_gmt":"2022-06-24T20:21:50","slug":"reprocha-amlo-a-onu-que-no-se-haga-caso-a-su-plan-para-apoyar-a-800-millones-de-pobres","status":"publish","type":"post","link":"https:\/\/nvnoticias.mx\/index.php\/2022\/06\/24\/reprocha-amlo-a-onu-que-no-se-haga-caso-a-su-plan-para-apoyar-a-800-millones-de-pobres\/","title":{"rendered":"Reprocha AMLO a ONU que no se haga caso a su plan para apoyar a 800 millones de pobres"},"content":{"rendered":"\n<p>El&nbsp;<strong>presidente Andr\u00e9s Manuel L\u00f3pez Obrador<\/strong>&nbsp;reproch\u00f3 que no haya pasado nada con su propuesta que plante\u00f3 ante el Consejo de Seguridad de la&nbsp;<strong>ONU<\/strong>&nbsp;en noviembre pasado para crear el&nbsp;<strong>Plan Mundial de Fraternidad y de Bienestar<\/strong>&nbsp;para garantizar la<strong>&nbsp;vida digna<\/strong>&nbsp;de m\u00e1s de&nbsp;<strong>800 millones de personas.<\/strong><\/p>\n\n\n\n<p>En conferencia de prensa matutina y al manifestar que se debe de revisar a organismos internacionales, el jefe del Ejecutivo federal se\u00f1al\u00f3 que tampoco se hizo caso y \u201cno funcion\u00f3\u201d su iniciativa de que la ONU garantizar\u00e1 vacunas contra la pandemia del Covid a los&nbsp;pa\u00edses m\u00e1s pobres, pues se\u00f1alo que las dosis fueron a parar a las naciones m\u00e1s desarrolladas.<\/p>\n\n\n\n<blockquote class=\"wp-block-quote is-layout-flow wp-block-quote-is-layout-flow\"><p>\u201cFui a plantear a la ONU que hab\u00eda que atender el problema de fondo, hay 800 millones de seres humanos que viven o sobreviven con un d\u00f3lar diario, mientras unos cuantos han visto crecer sus riquezas como nunca, y no pas\u00f3 nada, no se hace nada.&#8221;<\/p><\/blockquote>\n\n\n\n<p>\u201cCuando la pandemia, fue el colmo. Propusimos la creaci\u00f3n de un mecanismo para que la ONU pudiera garantizar vacunas a los pa\u00edses con poblaci\u00f3n marginada, pobre; no funcion\u00f3, las vacunas fueron para los pa\u00edses con m\u00e1s ingresos, no para los pa\u00edses pobres, esos se quedaron hasta el final\u201d.<\/p>\n\n\n\n<p>En noviembre pasado, al presidir la sesi\u00f3n del Consejo de Seguridad de las Naciones Unidas, y retomando su lema de campa\u00f1a electoral: \u201cPor el bien de todos, primero los pobres\u201d, el Jefe del Estado mexicano plante\u00f3 la creaci\u00f3n de un Plan Mundial de Fraternidad y de Bienestar para garantizar la vida digna de 750 millones de personas pobres, pero con base en el modelo de los programas sociales que impulsa su gobierno, como Sembrando Vida, as\u00ed como las pensiones universales para adultos mayores.<\/p>\n\n\n\n<p>El Mandatario federal detall\u00f3 que un fondo de un bill\u00f3n de d\u00f3lares anuales se puede obtener de cobrarles un impuesto a las mil personas m\u00e1s ricas del mundo, a las mil corporaciones m\u00e1s grandes y a los pa\u00edses del G20.<\/p>\n\n\n\n<p>Fuente: <a href=\"https:\/\/www.eluniversal.com.mx\/nacion\/amlo-reprocha-onu-que-no-se-haga-caso-su-plan-para-apoyar-800-millones-de-pobres\" data-type=\"URL\" data-id=\"https:\/\/www.eluniversal.com.mx\/nacion\/amlo-reprocha-onu-que-no-se-haga-caso-su-plan-para-apoyar-800-millones-de-pobres\">El universal<\/a><\/p>\n\n\n\n<p><\/p>\n","protected":false},"excerpt":{"rendered":"<p>El&nbsp;presidente Andr\u00e9s Manuel L\u00f3pez Obrador&nbsp;reproch\u00f3 que no haya pasado nada con su propuesta que plante\u00f3 ante el Consejo de Seguridad de la&nbsp;ONU&nbsp;en noviembre pasado para crear el&nbsp;Plan Mundial de Fraternidad y de Bienestar&nbsp;para garantizar la&nbsp;vida digna&nbsp;de m\u00e1s de&nbsp;800 millones de personas. En conferencia de prensa matutina y al manifestar que se debe de revisar a [&hellip;]<\/p>\n","protected":false},"author":35,"featured_media":60062,"comment_status":"open","ping_status":"open","sticky":false,"template":"","format":"standard","meta":{"_monsterinsights_skip_tracking":false,"_monsterinsights_sitenote_active":false,"_monsterinsights_sitenote_note":"","_monsterinsights_sitenote_category":0,"footnotes":""},"categories":[157],"tags":[188,513,5582,162,16055],"class_list":["post-61547","post","type-post","status-publish","format-standard","has-post-thumbnail","hentry","category-nacional","tag-amlo","tag-onu","tag-pobres","tag-portada","tag-reprocha","wp-image-borders"],"amp_enabled":true,"_links":{"self":[{"href":"https:\/\/nvnoticias.mx\/index.php\/wp-json\/wp\/v2\/posts\/61547","targetHints":{"allow":["GET"]}}],"collection":[{"href":"https:\/\/nvnoticias.mx\/index.php\/wp-json\/wp\/v2\/posts"}],"about":[{"href":"https:\/\/nvnoticias.mx\/index.php\/wp-json\/wp\/v2\/types\/post"}],"author":[{"embeddable":true,"href":"https:\/\/nvnoticias.mx\/index.php\/wp-json\/wp\/v2\/users\/35"}],"replies":[{"embeddable":true,"href":"https:\/\/nvnoticias.mx\/index.php\/wp-json\/wp\/v2\/comments?post=61547"}],"version-history":[{"count":2,"href":"https:\/\/nvnoticias.mx\/index.php\/wp-json\/wp\/v2\/posts\/61547\/revisions"}],"predecessor-version":[{"id":61565,"href":"https:\/\/nvnoticias.mx\/index.php\/wp-json\/wp\/v2\/posts\/61547\/revisions\/61565"}],"wp:featuredmedia":[{"embeddable":true,"href":"https:\/\/nvnoticias.mx\/index.php\/wp-json\/wp\/v2\/media\/60062"}],"wp:attachment":[{"href":"https:\/\/nvnoticias.mx\/index.php\/wp-json\/wp\/v2\/media?parent=61547"}],"wp:term":[{"taxonomy":"category","embeddable":true,"href":"https:\/\/nvnoticias.mx\/index.php\/wp-json\/wp\/v2\/categories?post=61547"},{"taxonomy":"post_tag","embeddable":true,"href":"https:\/\/nvnoticias.mx\/index.php\/wp-json\/wp\/v2\/tags?post=61547"}],"curies":[{"name":"wp","href":"https:\/\/api.w.org\/{rel}","templated":true}]}}