{"id":61541,"date":"2022-06-24T13:59:13","date_gmt":"2022-06-24T18:59:13","guid":{"rendered":"https:\/\/nvnoticias.mx\/?p=61541"},"modified":"2022-06-24T13:59:15","modified_gmt":"2022-06-24T18:59:15","slug":"preven-pilotos-recuperacion-de-categoria-1-de-mexico","status":"publish","type":"post","link":"https:\/\/nvnoticias.mx\/index.php\/2022\/06\/24\/preven-pilotos-recuperacion-de-categoria-1-de-mexico\/","title":{"rendered":"Prev\u00e9n pilotos recuperaci\u00f3n de categor\u00eda 1 de M\u00e9xico"},"content":{"rendered":"\n<p>Tras la visita de la\u00a0<strong>Administraci\u00f3n Federal de Aviaci\u00f3n de Estados Unidos<\/strong>\u00a0(FAA, por su sigla en ingl\u00e9s) a M\u00e9xico, y sin que a\u00fan se tengan los resultados definitivos, se esperan anuncios positivos sobre el avance para la recuperaci\u00f3n de\u00a0la categor\u00eda 1 en el sector, manifest\u00f3\u00a0<strong>\u00c1ngel Dom\u00ednguez Catz\u00edn<\/strong>, presidente electo del\u00a0Colegio de Pilotos Aviadores de M\u00e9xico\u00a0(CPAM).<\/p>\n\n\n\n<blockquote class=\"wp-block-quote is-layout-flow wp-block-quote-is-layout-flow\"><p>&#8220;Esperamos que no vengan a decirnos que estamos peor o que no la vamos a recuperar, simple y sencillamente vienen a decir o a revisar c\u00f3mo van estos avances, qu\u00e9 esperar\u00edamos, pues como lo ha venido anunciando el&nbsp;<strong>gobierno federal,<\/strong>&nbsp;que vamos por buen camino&#8221;, refiri\u00f3.<\/p><\/blockquote>\n\n\n\n<p>Ayer la<strong>\u00a0Secretar\u00eda de Infraestructura, Comunicaciones y Transportes<\/strong>\u00a0(SICT) inform\u00f3 que contin\u00faan los trabajos\u00a0ser\u00e1 hasta dentro de un mes cuando se tengan los resultados de la revisi\u00f3n t\u00e9cnica\u00a0de la\u00a0<strong>Administraci\u00f3n Federal de Aviaci\u00f3n de Estados Unidos<\/strong>\u00a0(FAA, por su sigla en ingl\u00e9s) a la<strong>\u00a0Agencia Federal de Aviaci\u00f3n Civil<\/strong>\u00a0(AFAC) como parte del proceso para recuperar la categor\u00eda 1 en el sector.\u00a0<\/p>\n\n\n\n<blockquote class=\"wp-block-quote is-layout-flow wp-block-quote-is-layout-flow\"><p>&#8220;Lo que vino a hacer la&nbsp;<strong>FAA&nbsp;<\/strong>es un&nbsp;<em>t<\/em><em>echnical review,&nbsp;<\/em>una revisi\u00f3n t\u00e9cnica que es parte de una asistencia t\u00e9cnica que la misma FAA ofrece a los estados que est\u00e1n degradados para recuperar la categor\u00eda&#8221;, detall\u00f3.<\/p><\/blockquote>\n\n\n\n<p>Manifest\u00f3 que desde que se dio a conocer degradaci\u00f3n de esta categor\u00eda para&nbsp;<strong>M\u00e9xico&nbsp;<\/strong>se han pronunciado para cooperar con el&nbsp;<strong>gobierno federal<\/strong>&nbsp;con el objetivo de recuperar dicha categor\u00eda 1, en materia de seguridad.<\/p>\n\n\n\n<blockquote class=\"wp-block-quote is-layout-flow wp-block-quote-is-layout-flow\"><p>&#8220;Es complicado, es una situaci\u00f3n apremiante en donde debemos estar todos unidos y ser parte de la soluci\u00f3n. Algo que vemos muy puntual y que es muy necesario, es que la&nbsp;<strong>Agencia Federal de Aviaci\u00f3n Civil&nbsp;<\/strong>cuente con los recursos necesarios para poder subsanar todas estas observaciones que pasan por cuestiones salariales y de capacitaci\u00f3n de la misma agencia&#8221;, expres\u00f3.<\/p><\/blockquote>\n\n\n\n<p>Manifest\u00f3 que no contar con la categor\u00eda 1 perjuda mucho al organismo debido a que los operadores no pueden nuevas rutas hacia Estados Unidos; en tanto que en relaci\u00f3n al&nbsp;<strong>Aeropuerto Internacional Felipe \u00c1ngeles<\/strong>&nbsp;(AIFA) tampoco se pude dar vida a un nuevo aeropuerto.<\/p>\n\n\n\n<blockquote class=\"wp-block-quote is-layout-flow wp-block-quote-is-layout-flow\"><p>&#8220;Los operadores no pueden hacer operaciones hacia los Estados Unidos,&nbsp; porque estamos degrados&#8221;, el cual agreg\u00f3 &#8220;es uno de los mercados m\u00e1s importantes para la aviaci\u00f3n mexicana&#8221;.<\/p><\/blockquote>\n\n\n\n<p>Finalmente, el\u00a0presidente electo del\u00a0<strong>CPAM\u00a0<\/strong>dijo que\u00a0la industria aeron\u00e1utica mexicana, que fue de las m\u00e1s golpeadas durante la pandemia, y ante el esfuerzo de las aero\u00edneas y del gremio en general hoy &#8220;ya no podemos esperar, m\u00e1s necesitamos poder crecer&#8221;.<\/p>\n\n\n\n<p>Fuente: <a href=\"https:\/\/www.milenio.com\/negocios\/cpam-ve-posible-recuperacion-de-categoria-1-no-podemos-esperar-mas\" data-type=\"URL\" data-id=\"https:\/\/www.milenio.com\/negocios\/cpam-ve-posible-recuperacion-de-categoria-1-no-podemos-esperar-mas\">Milenio<\/a><\/p>\n","protected":false},"excerpt":{"rendered":"<p>Tras la visita de la\u00a0Administraci\u00f3n Federal de Aviaci\u00f3n de Estados Unidos\u00a0(FAA, por su sigla en ingl\u00e9s) a M\u00e9xico, y sin que a\u00fan se tengan los resultados definitivos, se esperan anuncios positivos sobre el avance para la recuperaci\u00f3n de\u00a0la categor\u00eda 1 en el sector, manifest\u00f3\u00a0\u00c1ngel Dom\u00ednguez Catz\u00edn, presidente electo del\u00a0Colegio de Pilotos Aviadores de M\u00e9xico\u00a0(CPAM). &#8220;Esperamos [&hellip;]<\/p>\n","protected":false},"author":35,"featured_media":42640,"comment_status":"open","ping_status":"open","sticky":false,"template":"","format":"standard","meta":{"_monsterinsights_skip_tracking":false,"_monsterinsights_sitenote_active":false,"_monsterinsights_sitenote_note":"","_monsterinsights_sitenote_category":0,"footnotes":""},"categories":[157],"tags":[5744,292,6604,7848,2631],"class_list":["post-61541","post","type-post","status-publish","format-standard","has-post-thumbnail","hentry","category-nacional","tag-categoria-1","tag-mexico","tag-pilotos","tag-preven","tag-recuperacion","wp-image-borders"],"amp_enabled":true,"_links":{"self":[{"href":"https:\/\/nvnoticias.mx\/index.php\/wp-json\/wp\/v2\/posts\/61541","targetHints":{"allow":["GET"]}}],"collection":[{"href":"https:\/\/nvnoticias.mx\/index.php\/wp-json\/wp\/v2\/posts"}],"about":[{"href":"https:\/\/nvnoticias.mx\/index.php\/wp-json\/wp\/v2\/types\/post"}],"author":[{"embeddable":true,"href":"https:\/\/nvnoticias.mx\/index.php\/wp-json\/wp\/v2\/users\/35"}],"replies":[{"embeddable":true,"href":"https:\/\/nvnoticias.mx\/index.php\/wp-json\/wp\/v2\/comments?post=61541"}],"version-history":[{"count":1,"href":"https:\/\/nvnoticias.mx\/index.php\/wp-json\/wp\/v2\/posts\/61541\/revisions"}],"predecessor-version":[{"id":61542,"href":"https:\/\/nvnoticias.mx\/index.php\/wp-json\/wp\/v2\/posts\/61541\/revisions\/61542"}],"wp:featuredmedia":[{"embeddable":true,"href":"https:\/\/nvnoticias.mx\/index.php\/wp-json\/wp\/v2\/media\/42640"}],"wp:attachment":[{"href":"https:\/\/nvnoticias.mx\/index.php\/wp-json\/wp\/v2\/media?parent=61541"}],"wp:term":[{"taxonomy":"category","embeddable":true,"href":"https:\/\/nvnoticias.mx\/index.php\/wp-json\/wp\/v2\/categories?post=61541"},{"taxonomy":"post_tag","embeddable":true,"href":"https:\/\/nvnoticias.mx\/index.php\/wp-json\/wp\/v2\/tags?post=61541"}],"curies":[{"name":"wp","href":"https:\/\/api.w.org\/{rel}","templated":true}]}}