{"id":61325,"date":"2022-06-23T13:24:03","date_gmt":"2022-06-23T18:24:03","guid":{"rendered":"https:\/\/nvnoticias.mx\/?p=61325"},"modified":"2022-06-23T13:24:03","modified_gmt":"2022-06-23T18:24:03","slug":"niega-agua-y-drenaje-de-monterrey-que-haya-colonias-con-15-dias-sin-agua","status":"publish","type":"post","link":"https:\/\/nvnoticias.mx\/index.php\/2022\/06\/23\/niega-agua-y-drenaje-de-monterrey-que-haya-colonias-con-15-dias-sin-agua\/","title":{"rendered":"Niega Agua y Drenaje de Monterrey  que haya colonias con 15 d\u00edas sin agua"},"content":{"rendered":"\n<p>Pese a las protestas, bloqueos e inconformidad ciudadana por la falta de suministro de agua potable, autoridades estatales&nbsp;<strong>negaron que haya sectores en el \u00e1rea metropolitana que tengan quince d\u00edas sin agua.<\/strong><\/p>\n\n\n\n<p>Al ser cuestionado al respecto, el director de\u00a0Agua y Drenaje de Monterrey, Juan Ignacio Barrag\u00e1n, dijo que los reportes ciudadanos no coinciden con la falta real del suministro.<\/p>\n\n\n\n<blockquote class=\"wp-block-quote is-layout-flow wp-block-quote-is-layout-flow\"><p>&#8220;Los reportes que nosotros tenemos nos hablan de que no han habido zonas que hayan tenido est\u00e1 problem\u00e1tica de manera permanente durante quince d\u00edas, salvo en el municipio de Garc\u00eda y en Escobedo&#8221;.<\/p><\/blockquote>\n\n\n\n<p>En el caso particular de los bloqueos de colonos en la avenida Miguel Alem\u00e1n, reconoci\u00f3 que ha habido baja presi\u00f3n,&nbsp;<strong>pero dijo que s\u00ed sal\u00eda un &#8220;hilito de agua&#8221;.<\/strong><\/p>\n\n\n\n<blockquote class=\"wp-block-quote is-layout-flow wp-block-quote-is-layout-flow\"><p>&#8220;Ac\u00e1 en el municipio de Guadalupe los reportes no coinciden con esa estimaci\u00f3n, s\u00ed hemos tenido problemas de baja presi\u00f3n, a veces se confunde una cosa por la otra, la presi\u00f3n es muy baja, sale un hilito de agua y la gente dice &#8220;no hay agua&#8221;.<\/p><\/blockquote>\n\n\n\n<p>Actualmente, las autoridades cuentan con 166 pipas en total para abastecer a los sectores afectados, a trav\u00e9s de una Mesa de Control y Monitoreo en d\u00f3nde participan municipios y el Estado, se reciben los reportes y se manda ayuda.<\/p>\n\n\n\n<p>Se actualiz\u00f3 tambi\u00e9n que 82 colonias del \u00e1rea metropolitana siguen sin servicio de agua potable.<\/p>\n\n\n\n<p>Fuente: <a href=\"https:\/\/www.milenio.com\/sociedad\/agua-y-drenaje-niega-que-haya-colonias-con-15-dias-sin-agua\" data-type=\"URL\" data-id=\"https:\/\/www.milenio.com\/sociedad\/agua-y-drenaje-niega-que-haya-colonias-con-15-dias-sin-agua\">Milenio<\/a><\/p>\n","protected":false},"excerpt":{"rendered":"<p>Pese a las protestas, bloqueos e inconformidad ciudadana por la falta de suministro de agua potable, autoridades estatales&nbsp;negaron que haya sectores en el \u00e1rea metropolitana que tengan quince d\u00edas sin agua. Al ser cuestionado al respecto, el director de\u00a0Agua y Drenaje de Monterrey, Juan Ignacio Barrag\u00e1n, dijo que los reportes ciudadanos no coinciden con la [&hellip;]<\/p>\n","protected":false},"author":35,"featured_media":18400,"comment_status":"open","ping_status":"open","sticky":false,"template":"","format":"standard","meta":{"_monsterinsights_skip_tracking":false,"_monsterinsights_sitenote_active":false,"_monsterinsights_sitenote_note":"","_monsterinsights_sitenote_category":0,"footnotes":""},"categories":[157],"tags":[16357,7927,16359],"class_list":["post-61325","post","type-post","status-publish","format-standard","has-post-thumbnail","hentry","category-nacional","tag-agua-y-drenaje-de-monterrey","tag-niega","tag-sin-agua","wp-image-borders"],"amp_enabled":true,"_links":{"self":[{"href":"https:\/\/nvnoticias.mx\/index.php\/wp-json\/wp\/v2\/posts\/61325","targetHints":{"allow":["GET"]}}],"collection":[{"href":"https:\/\/nvnoticias.mx\/index.php\/wp-json\/wp\/v2\/posts"}],"about":[{"href":"https:\/\/nvnoticias.mx\/index.php\/wp-json\/wp\/v2\/types\/post"}],"author":[{"embeddable":true,"href":"https:\/\/nvnoticias.mx\/index.php\/wp-json\/wp\/v2\/users\/35"}],"replies":[{"embeddable":true,"href":"https:\/\/nvnoticias.mx\/index.php\/wp-json\/wp\/v2\/comments?post=61325"}],"version-history":[{"count":4,"href":"https:\/\/nvnoticias.mx\/index.php\/wp-json\/wp\/v2\/posts\/61325\/revisions"}],"predecessor-version":[{"id":61329,"href":"https:\/\/nvnoticias.mx\/index.php\/wp-json\/wp\/v2\/posts\/61325\/revisions\/61329"}],"wp:featuredmedia":[{"embeddable":true,"href":"https:\/\/nvnoticias.mx\/index.php\/wp-json\/wp\/v2\/media\/18400"}],"wp:attachment":[{"href":"https:\/\/nvnoticias.mx\/index.php\/wp-json\/wp\/v2\/media?parent=61325"}],"wp:term":[{"taxonomy":"category","embeddable":true,"href":"https:\/\/nvnoticias.mx\/index.php\/wp-json\/wp\/v2\/categories?post=61325"},{"taxonomy":"post_tag","embeddable":true,"href":"https:\/\/nvnoticias.mx\/index.php\/wp-json\/wp\/v2\/tags?post=61325"}],"curies":[{"name":"wp","href":"https:\/\/api.w.org\/{rel}","templated":true}]}}