{"id":61320,"date":"2022-06-23T13:21:02","date_gmt":"2022-06-23T18:21:02","guid":{"rendered":"https:\/\/nvnoticias.mx\/?p=61320"},"modified":"2022-06-23T13:21:04","modified_gmt":"2022-06-23T18:21:04","slug":"reafirma-corte-suprema-de-eu-derecho-ciudadano-a-portar-armas-en-publico","status":"publish","type":"post","link":"https:\/\/nvnoticias.mx\/index.php\/2022\/06\/23\/reafirma-corte-suprema-de-eu-derecho-ciudadano-a-portar-armas-en-publico\/","title":{"rendered":"Reafirma Corte Suprema de EU derecho ciudadano a portar armas en p\u00fablico"},"content":{"rendered":"\n<p>La Corte Suprema de Estados Unidos dictamin\u00f3 hoy que sus&nbsp;<strong>ciudadanos tienen el derecho fundamental de portar armas de fuego en p\u00fablico<\/strong>, en una decisi\u00f3n hist\u00f3rica que evitar\u00e1 que los estados restrinjan con normativa propia a las personas de hacerlo, en semanas donde el pa\u00eds sigue conmocionado por los tiroteos en varias entidades.<\/p>\n\n\n\n<p>El fallo, que se produce cuando el pa\u00eds lidia con un aumento impactante en los delitos con armas de fuego, especialmente tiroteos en centros de ense\u00f1anza, anula una ley del estado de Nueva York que requer\u00eda un permiso especial para portar un arma de fuego.<\/p>\n\n\n\n<p>&#8220;La Segunda y Decimocuarta Enmienda protegen&nbsp;<strong>el derecho<\/strong>&nbsp;<strong>de un individuo a portar un arma de fuego<\/strong>&nbsp;para defensa propia fuera del hogar&#8221;, dijo el juez Clarence Thomas, quien escribi\u00f3 la opini\u00f3n mayoritaria.<\/p>\n\n\n\n<p>Agreg\u00f3 que &#8220;el requisito de causa justificada de Nueva York viola la Decimocuarta Enmienda al impedir que los ciudadanos respetuosos de la ley con necesidades ordinarias de autodefensa ejerzan su derecho de la Segunda Enmienda de poseer y portar armas en p\u00fablico para la autodefensa&#8221;.<\/p>\n\n\n\n<p>California, Haw\u00e1i, Maryland, Massachusetts, Nueva Jersey y Rhode Island tienen leyes similares que probablemente ser\u00e1n apeladas como resultado del fallo. La administraci\u00f3n del presidente Joe Biden hab\u00eda instado a los jueces a defender la ley de Nueva York.<\/p>\n\n\n\n<p>Los partidarios de la ley de Nueva York argumentan que anularla conducir\u00eda en \u00faltima instancia a&nbsp;<strong>m\u00e1s armas en las calles<\/strong>&nbsp;y mayores tasas de delitos violentos. La decisi\u00f3n llega en un momento en que la violencia con armas de fuego \u2014que de por s\u00ed aument\u00f3 durante la pandemia de coronavirus\u2014 se ha incrementado nuevamente.<\/p>\n\n\n\n<p>La Corte Suprema emiti\u00f3 por \u00faltima vez una decisi\u00f3n importante sobre armas en 2010. En esa decisi\u00f3n y en un fallo de 2008, los jueces establecieron\u00a0<strong>el derecho nacional a tener un arma en casa\u00a0<\/strong>para defensa propia. El caso para el tribunal esta vez fue sobre el permiso de llevar un arma estando fuera de casa.<\/p>\n\n\n\n<p>Fuente: <a href=\"https:\/\/www.milenio.com\/internacional\/eu-corte-suprema-reafirma-derecho-portar-armas-publico\" data-type=\"URL\" data-id=\"https:\/\/www.milenio.com\/internacional\/eu-corte-suprema-reafirma-derecho-portar-armas-publico\">Milenio<\/a><\/p>\n","protected":false},"excerpt":{"rendered":"<p>La Corte Suprema de Estados Unidos dictamin\u00f3 hoy que sus&nbsp;ciudadanos tienen el derecho fundamental de portar armas de fuego en p\u00fablico, en una decisi\u00f3n hist\u00f3rica que evitar\u00e1 que los estados restrinjan con normativa propia a las personas de hacerlo, en semanas donde el pa\u00eds sigue conmocionado por los tiroteos en varias entidades. El fallo, que [&hellip;]<\/p>\n","protected":false},"author":35,"featured_media":56713,"comment_status":"open","ping_status":"open","sticky":false,"template":"","format":"standard","meta":{"_monsterinsights_skip_tracking":false,"_monsterinsights_sitenote_active":false,"_monsterinsights_sitenote_note":"","_monsterinsights_sitenote_category":0,"footnotes":""},"categories":[181],"tags":[2672,4503,7888,183,16356,11838],"class_list":["post-61320","post","type-post","status-publish","format-standard","has-post-thumbnail","hentry","category-internacional","tag-armas","tag-corte-suprema","tag-derecho","tag-estados-unidos","tag-portar","tag-reafirma","wp-image-borders"],"amp_enabled":true,"_links":{"self":[{"href":"https:\/\/nvnoticias.mx\/index.php\/wp-json\/wp\/v2\/posts\/61320","targetHints":{"allow":["GET"]}}],"collection":[{"href":"https:\/\/nvnoticias.mx\/index.php\/wp-json\/wp\/v2\/posts"}],"about":[{"href":"https:\/\/nvnoticias.mx\/index.php\/wp-json\/wp\/v2\/types\/post"}],"author":[{"embeddable":true,"href":"https:\/\/nvnoticias.mx\/index.php\/wp-json\/wp\/v2\/users\/35"}],"replies":[{"embeddable":true,"href":"https:\/\/nvnoticias.mx\/index.php\/wp-json\/wp\/v2\/comments?post=61320"}],"version-history":[{"count":4,"href":"https:\/\/nvnoticias.mx\/index.php\/wp-json\/wp\/v2\/posts\/61320\/revisions"}],"predecessor-version":[{"id":61324,"href":"https:\/\/nvnoticias.mx\/index.php\/wp-json\/wp\/v2\/posts\/61320\/revisions\/61324"}],"wp:featuredmedia":[{"embeddable":true,"href":"https:\/\/nvnoticias.mx\/index.php\/wp-json\/wp\/v2\/media\/56713"}],"wp:attachment":[{"href":"https:\/\/nvnoticias.mx\/index.php\/wp-json\/wp\/v2\/media?parent=61320"}],"wp:term":[{"taxonomy":"category","embeddable":true,"href":"https:\/\/nvnoticias.mx\/index.php\/wp-json\/wp\/v2\/categories?post=61320"},{"taxonomy":"post_tag","embeddable":true,"href":"https:\/\/nvnoticias.mx\/index.php\/wp-json\/wp\/v2\/tags?post=61320"}],"curies":[{"name":"wp","href":"https:\/\/api.w.org\/{rel}","templated":true}]}}