{"id":61267,"date":"2022-06-23T12:19:22","date_gmt":"2022-06-23T17:19:22","guid":{"rendered":"https:\/\/nvnoticias.mx\/?p=61267"},"modified":"2022-06-23T12:19:23","modified_gmt":"2022-06-23T17:19:23","slug":"confirma-gobernador-3-abatidos-durante-enfrentamiento-en-alamo","status":"publish","type":"post","link":"https:\/\/nvnoticias.mx\/index.php\/2022\/06\/23\/confirma-gobernador-3-abatidos-durante-enfrentamiento-en-alamo\/","title":{"rendered":"Confirma gobernador 3 abatidos durante enfrentamiento en \u00c1lamo"},"content":{"rendered":"\n<p><strong>Sam Ojeda\u00a0\/ NV Noticias<\/strong><\/p>\n\n\n\n<p>Xalapa.- Tres presuntos agresores fueron abatidos durante un enfrentamiento con fuerzas policiacas en el municipio de \u00c1lamo Temapache.<\/p>\n\n\n\n<p>Esto fue informado por el gobernador Cuitl\u00e1huac Garc\u00eda Jim\u00e9nez, tras la reuni\u00f3n de la mesa de coordinaci\u00f3n para la construcci\u00f3n de la paz.<\/p>\n\n\n\n<p>El mandatario indic\u00f3 que elementos de la Fuerza Civil fueron agredidos por un comando armado de la delincuencia organizada en el norte del municipio.\u00a0<\/p>\n\n\n\n<blockquote class=\"wp-block-quote is-layout-flow wp-block-quote-is-layout-flow\"><p>\u201c<em>Elementos de la Fuerza Civil fueron agredidos por un comando de la D.O. en \u00c1lamo Temapache y en su defensa resultaron abatidos 3 de los agresores<\/em>\u201d, escribi\u00f3.<\/p><\/blockquote>\n\n\n\n<p>Los hechos se registraron en un camino de terracer\u00eda que lleva a la localidad De Arroyo Seco y la Secretar\u00eda de Seguridad P\u00fablica (SSP) inform\u00f3 que en el sitio fueron encontradas armas largas, municipios, cargadores, chalecos t\u00e1cticos y cuatro veh\u00edculos.\u00a0<\/p>\n\n\n\n<p>El Gobernador indic\u00f3 que durante la mesa de seguridad se inform\u00f3 que la SSP en las \u00faltimas 24 horas asegur\u00f3 11 veh\u00edculos y recuper\u00f3 3 con reporte de robo y report\u00f3 la detenci\u00f3n de 4 personas involucradas en diversos delitos.\u00a0<\/p>\n\n\n\n<blockquote class=\"wp-block-quote is-layout-flow wp-block-quote-is-layout-flow\"><p>\u201c<em>En Veracruz seguimos dando resultados en materia de seguridad de manera coordinada con fuerzas federales<\/em>\u201d, indic\u00f3.<\/p><\/blockquote>\n\n\n\n<p>\u00a0<\/p>\n","protected":false},"excerpt":{"rendered":"<p>Sam Ojeda\u00a0\/ NV Noticias Xalapa.- Tres presuntos agresores fueron abatidos durante un enfrentamiento con fuerzas policiacas en el municipio de \u00c1lamo Temapache. Esto fue informado por el gobernador Cuitl\u00e1huac Garc\u00eda Jim\u00e9nez, tras la reuni\u00f3n de la mesa de coordinaci\u00f3n para la construcci\u00f3n de la paz. El mandatario indic\u00f3 que elementos de la Fuerza Civil fueron [&hellip;]<\/p>\n","protected":false},"author":8,"featured_media":61268,"comment_status":"open","ping_status":"open","sticky":false,"template":"","format":"standard","meta":{"_monsterinsights_skip_tracking":false,"_monsterinsights_sitenote_active":false,"_monsterinsights_sitenote_note":"","_monsterinsights_sitenote_category":0,"footnotes":""},"categories":[156],"tags":[16350,2889,965,730,162],"class_list":["post-61267","post","type-post","status-publish","format-standard","has-post-thumbnail","hentry","category-estado","tag-abatidos","tag-alamo","tag-cuitlahuac-garcia-jimenez","tag-enfrentamiento","tag-portada","wp-image-borders"],"amp_enabled":true,"_links":{"self":[{"href":"https:\/\/nvnoticias.mx\/index.php\/wp-json\/wp\/v2\/posts\/61267","targetHints":{"allow":["GET"]}}],"collection":[{"href":"https:\/\/nvnoticias.mx\/index.php\/wp-json\/wp\/v2\/posts"}],"about":[{"href":"https:\/\/nvnoticias.mx\/index.php\/wp-json\/wp\/v2\/types\/post"}],"author":[{"embeddable":true,"href":"https:\/\/nvnoticias.mx\/index.php\/wp-json\/wp\/v2\/users\/8"}],"replies":[{"embeddable":true,"href":"https:\/\/nvnoticias.mx\/index.php\/wp-json\/wp\/v2\/comments?post=61267"}],"version-history":[{"count":1,"href":"https:\/\/nvnoticias.mx\/index.php\/wp-json\/wp\/v2\/posts\/61267\/revisions"}],"predecessor-version":[{"id":61269,"href":"https:\/\/nvnoticias.mx\/index.php\/wp-json\/wp\/v2\/posts\/61267\/revisions\/61269"}],"wp:featuredmedia":[{"embeddable":true,"href":"https:\/\/nvnoticias.mx\/index.php\/wp-json\/wp\/v2\/media\/61268"}],"wp:attachment":[{"href":"https:\/\/nvnoticias.mx\/index.php\/wp-json\/wp\/v2\/media?parent=61267"}],"wp:term":[{"taxonomy":"category","embeddable":true,"href":"https:\/\/nvnoticias.mx\/index.php\/wp-json\/wp\/v2\/categories?post=61267"},{"taxonomy":"post_tag","embeddable":true,"href":"https:\/\/nvnoticias.mx\/index.php\/wp-json\/wp\/v2\/tags?post=61267"}],"curies":[{"name":"wp","href":"https:\/\/api.w.org\/{rel}","templated":true}]}}