{"id":61184,"date":"2022-06-23T10:34:56","date_gmt":"2022-06-23T15:34:56","guid":{"rendered":"https:\/\/nvnoticias.mx\/?p=61184"},"modified":"2022-06-23T10:35:12","modified_gmt":"2022-06-23T15:35:12","slug":"influencers-un-atractivo-y-un-plus-para-el-carnaval-de-veracruz-perez-fraga","status":"publish","type":"post","link":"https:\/\/nvnoticias.mx\/index.php\/2022\/06\/23\/influencers-un-atractivo-y-un-plus-para-el-carnaval-de-veracruz-perez-fraga\/","title":{"rendered":"Influencers, un atractivo y un plus para el Carnaval de Veracruz: P\u00e9rez Fraga"},"content":{"rendered":"\n<p>Veracruz, Ver.-  El presidente del Comit\u00e9 de Carnaval, Luis Antonio P\u00e9rez Fraga considera que la presencia de los influencers en las fiestas carnestolendas son un atractivo y un plus.<\/p>\n\n\n\n<blockquote class=\"wp-block-quote is-layout-flow wp-block-quote-is-layout-flow\"><p>\u201cVienen Rod Navarro, Juca, Berth Oh, AlexxxStrecci y Salomondrin (de Aler\u00f3n) y eso va a ser una excelente promoci\u00f3n que van ayudar a la ciudad y obviamente al Carnaval, empezando con que nuestra reina es una influencer muy querida, as\u00ed como el rey\u201d, comenta P\u00e9rez Fraga.<\/p><\/blockquote>\n\n\n\n<p>Y agrega: \u201cEl Carnaval evoluciona al ritmo de los nuevos tiempos y eso es un atractivo y un plus para el Carnaval de Veracruz\u201d.<\/p>\n\n\n\n<p>Por otra parte, Luis Antonio P\u00e9rez Fraga, presidente del Comit\u00e9 de Carnaval, inform\u00f3 que las habitaciones de los hoteles se acabaron 40 d\u00edas antes de que iniciara la fiesta, as\u00ed como los \u201cerby and by\u201d.<\/p>\n\n\n\n<p>\u201cY es lo que precisamente busca la alcaldesa de Veracruz Patricia Lobeira de Yunes, reactivar la econom\u00eda de Veracruz en todos los sectores\u201d, expres\u00f3 Luis Antonio P\u00e9rez Fraga.<\/p>\n\n\n\n<p>Cabe se\u00f1alar que P\u00e9rez Fraga asisti\u00f3 como invitado especial al evento privado de la cata de mezcal \u201cAler\u00f3n\u201d donde estuvieron los influencers Juca y Berth OH; Mario Delf\u00edn, director de Turismo del Ayuntamiento de Veracruz y Brian Cruz Villegas \u201cPaponas\u201d, rey electo de las fiestas carnestolendas, bajo la anfitrion\u00eda de Joel Commesse, propietario de Carranza Pride, Aguamala e I-Konic.<\/p>\n\n\n\n<figure class=\"wp-block-image size-large is-resized\"><img loading=\"lazy\" decoding=\"async\" src=\"https:\/\/nvnoticias.mx\/wp-content\/uploads\/2022\/06\/IMG-20220622-WA0074-1024x682.jpg\" alt=\"\" class=\"wp-image-61186\" width=\"758\" height=\"504\" srcset=\"https:\/\/nvnoticias.mx\/wp-content\/uploads\/2022\/06\/IMG-20220622-WA0074-1024x682.jpg 1024w, https:\/\/nvnoticias.mx\/wp-content\/uploads\/2022\/06\/IMG-20220622-WA0074-300x200.jpg 300w, https:\/\/nvnoticias.mx\/wp-content\/uploads\/2022\/06\/IMG-20220622-WA0074-768x512.jpg 768w, https:\/\/nvnoticias.mx\/wp-content\/uploads\/2022\/06\/IMG-20220622-WA0074.jpg 1280w\" sizes=\"auto, (max-width: 758px) 100vw, 758px\" \/><\/figure>\n\n\n\n<figure class=\"wp-block-image size-large is-resized\"><img loading=\"lazy\" decoding=\"async\" src=\"https:\/\/nvnoticias.mx\/wp-content\/uploads\/2022\/06\/IMG-20220622-WA0075-1024x682.jpg\" alt=\"\" class=\"wp-image-61187\" width=\"928\" height=\"617\" srcset=\"https:\/\/nvnoticias.mx\/wp-content\/uploads\/2022\/06\/IMG-20220622-WA0075-1024x682.jpg 1024w, https:\/\/nvnoticias.mx\/wp-content\/uploads\/2022\/06\/IMG-20220622-WA0075-300x200.jpg 300w, https:\/\/nvnoticias.mx\/wp-content\/uploads\/2022\/06\/IMG-20220622-WA0075-768x512.jpg 768w, https:\/\/nvnoticias.mx\/wp-content\/uploads\/2022\/06\/IMG-20220622-WA0075.jpg 1280w\" sizes=\"auto, (max-width: 928px) 100vw, 928px\" \/><\/figure>\n","protected":false},"excerpt":{"rendered":"<p>Veracruz, Ver.- El presidente del Comit\u00e9 de Carnaval, Luis Antonio P\u00e9rez Fraga considera que la presencia de los influencers en las fiestas carnestolendas son un atractivo y un plus. \u201cVienen Rod Navarro, Juca, Berth Oh, AlexxxStrecci y Salomondrin (de Aler\u00f3n) y eso va a ser una excelente promoci\u00f3n que van ayudar a la ciudad y [&hellip;]<\/p>\n","protected":false},"author":35,"featured_media":61188,"comment_status":"open","ping_status":"open","sticky":false,"template":"","format":"standard","meta":{"_monsterinsights_skip_tracking":false,"_monsterinsights_sitenote_active":false,"_monsterinsights_sitenote_note":"","_monsterinsights_sitenote_category":0,"footnotes":""},"categories":[154],"tags":[16328,1138,4239,16329],"class_list":["post-61184","post","type-post","status-publish","format-standard","has-post-thumbnail","hentry","category-veracruz","tag-atractivo","tag-carnaval-de-veracruz","tag-influencers","tag-perez-fraga","wp-image-borders"],"amp_enabled":true,"_links":{"self":[{"href":"https:\/\/nvnoticias.mx\/index.php\/wp-json\/wp\/v2\/posts\/61184","targetHints":{"allow":["GET"]}}],"collection":[{"href":"https:\/\/nvnoticias.mx\/index.php\/wp-json\/wp\/v2\/posts"}],"about":[{"href":"https:\/\/nvnoticias.mx\/index.php\/wp-json\/wp\/v2\/types\/post"}],"author":[{"embeddable":true,"href":"https:\/\/nvnoticias.mx\/index.php\/wp-json\/wp\/v2\/users\/35"}],"replies":[{"embeddable":true,"href":"https:\/\/nvnoticias.mx\/index.php\/wp-json\/wp\/v2\/comments?post=61184"}],"version-history":[{"count":4,"href":"https:\/\/nvnoticias.mx\/index.php\/wp-json\/wp\/v2\/posts\/61184\/revisions"}],"predecessor-version":[{"id":61191,"href":"https:\/\/nvnoticias.mx\/index.php\/wp-json\/wp\/v2\/posts\/61184\/revisions\/61191"}],"wp:featuredmedia":[{"embeddable":true,"href":"https:\/\/nvnoticias.mx\/index.php\/wp-json\/wp\/v2\/media\/61188"}],"wp:attachment":[{"href":"https:\/\/nvnoticias.mx\/index.php\/wp-json\/wp\/v2\/media?parent=61184"}],"wp:term":[{"taxonomy":"category","embeddable":true,"href":"https:\/\/nvnoticias.mx\/index.php\/wp-json\/wp\/v2\/categories?post=61184"},{"taxonomy":"post_tag","embeddable":true,"href":"https:\/\/nvnoticias.mx\/index.php\/wp-json\/wp\/v2\/tags?post=61184"}],"curies":[{"name":"wp","href":"https:\/\/api.w.org\/{rel}","templated":true}]}}