{"id":6112,"date":"2021-02-28T12:37:53","date_gmt":"2021-02-28T18:37:53","guid":{"rendered":"https:\/\/nvnoticias.mx\/?p=6112"},"modified":"2021-02-28T12:47:45","modified_gmt":"2021-02-28T18:47:45","slug":"podria-repuntar-la-sucesion-testamentaria-por-fallecidos-de-covid","status":"publish","type":"post","link":"https:\/\/nvnoticias.mx\/index.php\/2021\/02\/28\/podria-repuntar-la-sucesion-testamentaria-por-fallecidos-de-covid\/","title":{"rendered":"Podr\u00eda repuntar la sucesi\u00f3n testamentaria por fallecidos de Covid"},"content":{"rendered":"\n<p><strong>Jes\u00fas Utrilla \/ NV Noticias<\/strong><\/p>\n\n\n\n<p>Veracruz. &#8211; Debido a que varias personas que fallecieron de covid-19 no realizaron su testamento, los tr\u00e1mites por sucesi\u00f3n testamentaria o intestamentaria podr\u00edan repuntar.<\/p>\n\n\n\n<p>Adolfo Montalvo Parroqu\u00edn, presidente del Colegio de Notarios del Estado de Veracruz, admiti\u00f3 que ya registran un aumento de este tipo de procedimientos, sin embargo, aclar\u00f3 que no se puede especificar cuantos fueron tr\u00e1mites son porque las personas murieron a causa del covid.<\/p>\n\n\n\n<blockquote class=\"wp-block-quote is-layout-flow wp-block-quote-is-layout-flow\"><p>\u201cDesafortunadamente no hay un censo de cuantas personas se est\u00e1n presentando en las notar\u00edas como causa del deceso de Covid pero estamos dispuestos a atender cualquier petici\u00f3n y solicitud, independientemente de la causa que origine los decesos, que s\u00ed han incrementado significativamente pero no tenemos manera de saber si es a causa de esto\u201d.<\/p><\/blockquote>\n\n\n\n<p>Cabe mencionar que un proceso de sucesi\u00f3n testamentaria se puede tramitar en el juzgado o en la notar\u00eda.<\/p>\n\n\n\n<p>Montalvo Parroqu\u00edn insisti\u00f3 que no ser\u00eda raro ver a corto plazo mayor solicitud del tr\u00e1mite por los hechos extraordinarios que se viven y que han causado la muerte de varias personas.<\/p>\n\n\n\n<blockquote class=\"wp-block-quote is-layout-flow wp-block-quote-is-layout-flow\"><p>\u201cNosotros siempre sugerimos que hagan su duelo y despu\u00e9s el tr\u00e1mite pero yo creo que en los pr\u00f3ximos meses se empezar\u00e1 a ver esto\u201d.<\/p><\/blockquote>\n\n\n\n<p>La sucesi\u00f3n testamentaria es el procedimiento legal mediante el cual se reparten los bienes de una persona fallecida, de acuerdo con la relaci\u00f3n de consanguinidad y afinidad, en caso de que no exista un testamento v\u00e1lido.<\/p>\n","protected":false},"excerpt":{"rendered":"<p>Jes\u00fas Utrilla \/ NV Noticias Veracruz. &#8211; Debido a que varias personas que fallecieron de covid-19 no realizaron su testamento, los tr\u00e1mites por sucesi\u00f3n testamentaria o intestamentaria podr\u00edan repuntar. Adolfo Montalvo Parroqu\u00edn, presidente del Colegio de Notarios del Estado de Veracruz, admiti\u00f3 que ya registran un aumento de este tipo de procedimientos, sin embargo, aclar\u00f3 [&hellip;]<\/p>\n","protected":false},"author":6,"featured_media":6113,"comment_status":"open","ping_status":"open","sticky":false,"template":"","format":"standard","meta":{"_monsterinsights_skip_tracking":false,"_monsterinsights_sitenote_active":false,"_monsterinsights_sitenote_note":"","_monsterinsights_sitenote_category":0,"footnotes":""},"categories":[154],"tags":[175,751,162,1859],"class_list":["post-6112","post","type-post","status-publish","format-standard","has-post-thumbnail","hentry","category-veracruz","tag-covid-19","tag-fallecimiento","tag-portada","tag-testamento","wp-image-borders"],"amp_enabled":true,"_links":{"self":[{"href":"https:\/\/nvnoticias.mx\/index.php\/wp-json\/wp\/v2\/posts\/6112","targetHints":{"allow":["GET"]}}],"collection":[{"href":"https:\/\/nvnoticias.mx\/index.php\/wp-json\/wp\/v2\/posts"}],"about":[{"href":"https:\/\/nvnoticias.mx\/index.php\/wp-json\/wp\/v2\/types\/post"}],"author":[{"embeddable":true,"href":"https:\/\/nvnoticias.mx\/index.php\/wp-json\/wp\/v2\/users\/6"}],"replies":[{"embeddable":true,"href":"https:\/\/nvnoticias.mx\/index.php\/wp-json\/wp\/v2\/comments?post=6112"}],"version-history":[{"count":2,"href":"https:\/\/nvnoticias.mx\/index.php\/wp-json\/wp\/v2\/posts\/6112\/revisions"}],"predecessor-version":[{"id":6116,"href":"https:\/\/nvnoticias.mx\/index.php\/wp-json\/wp\/v2\/posts\/6112\/revisions\/6116"}],"wp:featuredmedia":[{"embeddable":true,"href":"https:\/\/nvnoticias.mx\/index.php\/wp-json\/wp\/v2\/media\/6113"}],"wp:attachment":[{"href":"https:\/\/nvnoticias.mx\/index.php\/wp-json\/wp\/v2\/media?parent=6112"}],"wp:term":[{"taxonomy":"category","embeddable":true,"href":"https:\/\/nvnoticias.mx\/index.php\/wp-json\/wp\/v2\/categories?post=6112"},{"taxonomy":"post_tag","embeddable":true,"href":"https:\/\/nvnoticias.mx\/index.php\/wp-json\/wp\/v2\/tags?post=6112"}],"curies":[{"name":"wp","href":"https:\/\/api.w.org\/{rel}","templated":true}]}}