{"id":60993,"date":"2022-06-22T11:44:54","date_gmt":"2022-06-22T16:44:54","guid":{"rendered":"https:\/\/nvnoticias.mx\/?p=60993"},"modified":"2022-06-22T11:44:55","modified_gmt":"2022-06-22T16:44:55","slug":"denunciara-gobierno-de-mexico-a-vulcan-materials-este-mes-por-dano-ambiental","status":"publish","type":"post","link":"https:\/\/nvnoticias.mx\/index.php\/2022\/06\/22\/denunciara-gobierno-de-mexico-a-vulcan-materials-este-mes-por-dano-ambiental\/","title":{"rendered":"Denunciar\u00e1 Gobierno de M\u00e9xico a Vulcan Materials este mes por da\u00f1o ambiental"},"content":{"rendered":"\n<p>El presidente Andr\u00e9s Manuel L\u00f3pez Obrador inform\u00f3 este mi\u00e9rcoles que el gobierno mexicano acudir\u00e1 a tribunales internacionales este mes para denunciar a&nbsp;<strong>Vulcan Materials Company<\/strong>&nbsp;por el da\u00f1o ambiental que ha generado en Playa del Carmen, Quintana Roo, por la explotaci\u00f3n de materiales p\u00e9treos de la zona.<\/p>\n\n\n\n<blockquote class=\"wp-block-quote is-layout-flow wp-block-quote-is-layout-flow\"><p>\u201cYa se est\u00e1 trabajando y va a ser una denuncia que se va a presentar en su momento en organismos internacionales. Creo que antes de que concluya el mes se va a hacer la presentaci\u00f3n de la denuncia. Ya se hicieron todos los estudios\u201d, dijo el mandatario federal.<\/p><\/blockquote>\n\n\n\n<p>En su conferencia matutina, L\u00f3pez Obrador coment\u00f3 que ya se determin\u00f3 el da\u00f1o ecol\u00f3gico que ha hecho esta empresa y el monto de impacto econ\u00f3mico pero no quiso dar detalles.<\/p>\n\n\n\n<p>El mandatario a\u00f1adi\u00f3 que tiene buena relaci\u00f3n con el sector empresarial, tanto de M\u00e9xico como del extranjero, y que solo tiene diferencias con\u00a0<strong>Vulcan Materials Company<\/strong>.<\/p>\n\n\n\n<blockquote class=\"wp-block-quote is-layout-flow wp-block-quote-is-layout-flow\"><p>\u201cHay muy buena relaci\u00f3n con todo el sector empresarial, tanto del extranjero como de M\u00e9xico. (Hay) algunas diferencias, pero con muy pocos empresarios tenemos ahora una diferencia con los de Vulcan por lo de Quintan Roo\u201d, se\u00f1al\u00f3.<\/p><\/blockquote>\n\n\n\n<p>Fuente:<a href=\"https:\/\/www.forbes.com.mx\/gobierno-de-mexico-denunciara-a-vulcan-materials-este-mes-por-dano-ambiental\/\" data-type=\"URL\" data-id=\"https:\/\/www.forbes.com.mx\/gobierno-de-mexico-denunciara-a-vulcan-materials-este-mes-por-dano-ambiental\/\"> Forbes<\/a><\/p>\n","protected":false},"excerpt":{"rendered":"<p>El presidente Andr\u00e9s Manuel L\u00f3pez Obrador inform\u00f3 este mi\u00e9rcoles que el gobierno mexicano acudir\u00e1 a tribunales internacionales este mes para denunciar a&nbsp;Vulcan Materials Company&nbsp;por el da\u00f1o ambiental que ha generado en Playa del Carmen, Quintana Roo, por la explotaci\u00f3n de materiales p\u00e9treos de la zona. \u201cYa se est\u00e1 trabajando y va a ser una denuncia [&hellip;]<\/p>\n","protected":false},"author":35,"featured_media":59957,"comment_status":"open","ping_status":"open","sticky":false,"template":"","format":"standard","meta":{"_monsterinsights_skip_tracking":false,"_monsterinsights_sitenote_active":false,"_monsterinsights_sitenote_note":"","_monsterinsights_sitenote_category":0,"footnotes":""},"categories":[158],"tags":[5976,13063,5683,16287],"class_list":["post-60993","post","type-post","status-publish","format-standard","has-post-thumbnail","hentry","category-politica","tag-dano-ambiental","tag-denunciara","tag-gobierno-de-mexico","tag-vulvan-materials","wp-image-borders"],"amp_enabled":true,"_links":{"self":[{"href":"https:\/\/nvnoticias.mx\/index.php\/wp-json\/wp\/v2\/posts\/60993","targetHints":{"allow":["GET"]}}],"collection":[{"href":"https:\/\/nvnoticias.mx\/index.php\/wp-json\/wp\/v2\/posts"}],"about":[{"href":"https:\/\/nvnoticias.mx\/index.php\/wp-json\/wp\/v2\/types\/post"}],"author":[{"embeddable":true,"href":"https:\/\/nvnoticias.mx\/index.php\/wp-json\/wp\/v2\/users\/35"}],"replies":[{"embeddable":true,"href":"https:\/\/nvnoticias.mx\/index.php\/wp-json\/wp\/v2\/comments?post=60993"}],"version-history":[{"count":1,"href":"https:\/\/nvnoticias.mx\/index.php\/wp-json\/wp\/v2\/posts\/60993\/revisions"}],"predecessor-version":[{"id":60994,"href":"https:\/\/nvnoticias.mx\/index.php\/wp-json\/wp\/v2\/posts\/60993\/revisions\/60994"}],"wp:featuredmedia":[{"embeddable":true,"href":"https:\/\/nvnoticias.mx\/index.php\/wp-json\/wp\/v2\/media\/59957"}],"wp:attachment":[{"href":"https:\/\/nvnoticias.mx\/index.php\/wp-json\/wp\/v2\/media?parent=60993"}],"wp:term":[{"taxonomy":"category","embeddable":true,"href":"https:\/\/nvnoticias.mx\/index.php\/wp-json\/wp\/v2\/categories?post=60993"},{"taxonomy":"post_tag","embeddable":true,"href":"https:\/\/nvnoticias.mx\/index.php\/wp-json\/wp\/v2\/tags?post=60993"}],"curies":[{"name":"wp","href":"https:\/\/api.w.org\/{rel}","templated":true}]}}