{"id":60925,"date":"2022-06-21T18:23:14","date_gmt":"2022-06-21T23:23:14","guid":{"rendered":"https:\/\/nvnoticias.mx\/?p=60925"},"modified":"2022-06-21T18:24:30","modified_gmt":"2022-06-21T23:24:30","slug":"pri-pide-declarar-emergencia-por-sequia-en-nuevo-leon","status":"publish","type":"post","link":"https:\/\/nvnoticias.mx\/index.php\/2022\/06\/21\/pri-pide-declarar-emergencia-por-sequia-en-nuevo-leon\/","title":{"rendered":"PRI pide declarar emergencia por sequ\u00eda en Nuevo Le\u00f3n"},"content":{"rendered":"\n<p>La bancada del PRI en la C\u00e1mara de Diputados urgi\u00f3 a la Comisi\u00f3n Nacional del Agua (Conagua) a emitir la declaratoria de emergencia por\u00a0sequ\u00eda en el estado de Nuevo Le\u00f3n. <\/p>\n\n\n\n<blockquote class=\"wp-block-quote is-layout-flow wp-block-quote-is-layout-flow\"><p>\u201c<em>Es momento de que las autoridades federales atiendan y destinen los recursos necesarios para combatir la escasez de agua en la entidad, a trav\u00e9s de mecanismos como el Programa Nacional contra la Sequ\u00eda<\/em>\u201d, puntualizaron los legisladores priistas. <\/p><\/blockquote>\n\n\n\n<p>En un punto de acuerdo enviado a la Comisi\u00f3n Permanente del Congreso de la Uni\u00f3n para su presentaci\u00f3n ma\u00f1ana mi\u00e9rcoles, instaron tambi\u00e9n a los servicios de agua y drenaje de Monterrey a atender la crisis de agua en coordinaci\u00f3n con las autoridades federales y reactivar los proyectos de infraestructura h\u00eddrica destinada al abasto del recurso. <\/p>\n\n\n\n<p>Los diputados Rub\u00e9n Moreira, Mauricio Cant\u00fa, Francisco Espinoza, Mar\u00eda de Jes\u00fas Aguirre, Karina Barr\u00f3n, Marcela Guerra, Jos\u00e9 Luis Garza e Ildefonso Guajardo advirtieron que las fuentes de abastecimiento de agua en Nuevo Le\u00f3n no presentan capacidad suficiente de llenado para cubrir las necesidades de los municipios. <\/p>\n\n\n\n<p>En forma particular, la presa Cerro Prieto presenta un nivel del 9.88 por ciento; la presa La Boca, 25.28 por ciento, y la presa El Cuchillo, 53.98 por ciento, lo que coloca al estado en una tercera etapa denominada de sequ\u00eda extrema. <\/p>\n\n\n\n<p>Bajo esta condici\u00f3n, aproximadamente 2 millones de neoleoneses son afectados, sin mencionar empresas y unidades econ\u00f3micas de diferentes sectores. <\/p>\n\n\n\n<blockquote class=\"wp-block-quote is-layout-flow wp-block-quote-is-layout-flow\"><p>\u201c<em>La situaci\u00f3n que vive el estado no es algo menor, y requiere de la mayor atenci\u00f3n, cuidado e intervenci\u00f3n posible, pues al tratarse de uno de los principales estados del pa\u00eds, detener la actividad y su dinamismo puede llegar a ocasionar desaceleraciones considerables que permean a nivel nacional<\/em>\u201d, alertaron. <\/p><\/blockquote>\n\n\n\n<p>Llamaron, por ello, a las autoridades federales y estatales a focalizar atenci\u00f3n y recursos al desarrollo de proyectos de obras e infraestructura h\u00eddrica que ayuden a resolver el problema de desabasto de agua en el estado y a acelerar el desarrollo de los ya existentes, como es el caso de la presa Libertad. <\/p>\n\n\n\n<p>Sostuvieron que proyectos como Monterrey VI, que prev\u00e9 la construcci\u00f3n de un acueducto de 380 kil\u00f3metros para conectar la cuenca del R\u00edo P\u00e1nuco con el estado de Nuevo Le\u00f3n, resulta una alternativa viable que puede ayudar a solucionar el abastecimiento de agua en la entidad y evitar condiciones de sequ\u00edas extremas como las que se est\u00e1n viviendo. <\/p>\n\n\n\n<p>El grupo parlamentario del PRI record\u00f3 que el Presupuesto 2022 aprobado por Morena y sus aliados no dej\u00f3 ning\u00fan margen de negociaci\u00f3n para redirigir recursos para proyectos de infraestructura, por lo que solicitaron a la Conagua destinar apoyos de forma focalizada para atender la problem\u00e1tica.  <\/p>\n\n\n\n<p>Fuente: <a href=\"https:\/\/www.milenio.com\/politica\/pri-urge-conagua-declarar-emergencia-sequia-leon\">Milenio<\/a><\/p>\n","protected":false},"excerpt":{"rendered":"<p>La bancada del PRI en la C\u00e1mara de Diputados urgi\u00f3 a la Comisi\u00f3n Nacional del Agua (Conagua) a emitir la declaratoria de emergencia por\u00a0sequ\u00eda en el estado de Nuevo Le\u00f3n. \u201cEs momento de que las autoridades federales atiendan y destinen los recursos necesarios para combatir la escasez de agua en la entidad, a trav\u00e9s de [&hellip;]<\/p>\n","protected":false},"author":8,"featured_media":60926,"comment_status":"open","ping_status":"open","sticky":false,"template":"","format":"standard","meta":{"_monsterinsights_skip_tracking":false,"_monsterinsights_sitenote_active":false,"_monsterinsights_sitenote_note":"","_monsterinsights_sitenote_category":0,"footnotes":""},"categories":[158],"tags":[1576,262,1095,162,208,2538],"class_list":["post-60925","post","type-post","status-publish","format-standard","has-post-thumbnail","hentry","category-politica","tag-conagua","tag-emergencia","tag-nuevo-leon","tag-portada","tag-pri","tag-sequia","wp-image-borders"],"amp_enabled":true,"_links":{"self":[{"href":"https:\/\/nvnoticias.mx\/index.php\/wp-json\/wp\/v2\/posts\/60925","targetHints":{"allow":["GET"]}}],"collection":[{"href":"https:\/\/nvnoticias.mx\/index.php\/wp-json\/wp\/v2\/posts"}],"about":[{"href":"https:\/\/nvnoticias.mx\/index.php\/wp-json\/wp\/v2\/types\/post"}],"author":[{"embeddable":true,"href":"https:\/\/nvnoticias.mx\/index.php\/wp-json\/wp\/v2\/users\/8"}],"replies":[{"embeddable":true,"href":"https:\/\/nvnoticias.mx\/index.php\/wp-json\/wp\/v2\/comments?post=60925"}],"version-history":[{"count":1,"href":"https:\/\/nvnoticias.mx\/index.php\/wp-json\/wp\/v2\/posts\/60925\/revisions"}],"predecessor-version":[{"id":60927,"href":"https:\/\/nvnoticias.mx\/index.php\/wp-json\/wp\/v2\/posts\/60925\/revisions\/60927"}],"wp:featuredmedia":[{"embeddable":true,"href":"https:\/\/nvnoticias.mx\/index.php\/wp-json\/wp\/v2\/media\/60926"}],"wp:attachment":[{"href":"https:\/\/nvnoticias.mx\/index.php\/wp-json\/wp\/v2\/media?parent=60925"}],"wp:term":[{"taxonomy":"category","embeddable":true,"href":"https:\/\/nvnoticias.mx\/index.php\/wp-json\/wp\/v2\/categories?post=60925"},{"taxonomy":"post_tag","embeddable":true,"href":"https:\/\/nvnoticias.mx\/index.php\/wp-json\/wp\/v2\/tags?post=60925"}],"curies":[{"name":"wp","href":"https:\/\/api.w.org\/{rel}","templated":true}]}}