{"id":60908,"date":"2022-06-21T16:21:59","date_gmt":"2022-06-21T21:21:59","guid":{"rendered":"https:\/\/nvnoticias.mx\/?p=60908"},"modified":"2022-06-21T16:22:00","modified_gmt":"2022-06-21T21:22:00","slug":"habilitan-banos-para-todo-genero-en-la-universidad-autonoma-de-yucatan","status":"publish","type":"post","link":"https:\/\/nvnoticias.mx\/index.php\/2022\/06\/21\/habilitan-banos-para-todo-genero-en-la-universidad-autonoma-de-yucatan\/","title":{"rendered":"Habilitan &#8220;ba\u00f1os para todo g\u00e9nero&#8221; en la Universidad Aut\u00f3noma de Yucat\u00e1n"},"content":{"rendered":"\n<p>La Facultad de Qu\u00edmica de la Universidad Aut\u00f3noma de Yucat\u00e1n habilit\u00f3 &#8220;ba\u00f1os para todo g\u00e9nero&#8221;, los cuales podr\u00e1n ser utilizados por cualquier persona, independientemente de su identidad y expresi\u00f3n de g\u00e9nero. <\/p>\n\n\n\n<p>La disposici\u00f3n comenz\u00f3 a ser aplicada desde ayer, 20 de junio, en\u00a0dos ba\u00f1os del edificio de los laboratorios de investigaci\u00f3n, inform\u00f3 la facultad mediante un comunicado. <\/p>\n\n\n\n<p>De acuerdo con las autoridades educativas, la iniciativa deriv\u00f3 del taller &#8220;Inclusi\u00f3n de orientaciones sexuales, identidades y expresiones de g\u00e9nero en el contexto universitario&#8221;. <\/p>\n\n\n\n<blockquote class=\"wp-block-quote is-layout-flow wp-block-quote-is-layout-flow\"><p>Con los ba\u00f1os para todo g\u00e9nero, la instituci\u00f3n indic\u00f3 que se busca\u00a0 puntualizar la <em>&#8220;inclusi\u00f3n, equidad, promoci\u00f3n de los derechos humanos y la no discriminaci\u00f3n como parte de la pr\u00e1ctica cotidiana de los valores y principios universitarios&#8221;.<\/em> <\/p><\/blockquote>\n\n\n\n<figure class=\"wp-block-image\"><img decoding=\"async\" src=\"https:\/\/cdn.milenio.com\/uploads\/media\/2022\/06\/21\/comunicado-facultad-quimica-universidad-autonoma.jpg\" alt=\"\"\/><\/figure>\n\n\n\n<p>Fuente: <a href=\"https:\/\/www.milenio.com\/estados\/universidad-autonoma-yucatan-habilitan-banos-genero\">Milenio<\/a><\/p>\n","protected":false},"excerpt":{"rendered":"<p>La Facultad de Qu\u00edmica de la Universidad Aut\u00f3noma de Yucat\u00e1n habilit\u00f3 &#8220;ba\u00f1os para todo g\u00e9nero&#8221;, los cuales podr\u00e1n ser utilizados por cualquier persona, independientemente de su identidad y expresi\u00f3n de g\u00e9nero. La disposici\u00f3n comenz\u00f3 a ser aplicada desde ayer, 20 de junio, en\u00a0dos ba\u00f1os del edificio de los laboratorios de investigaci\u00f3n, inform\u00f3 la facultad mediante [&hellip;]<\/p>\n","protected":false},"author":8,"featured_media":60909,"comment_status":"open","ping_status":"open","sticky":false,"template":"","format":"standard","meta":{"_monsterinsights_skip_tracking":false,"_monsterinsights_sitenote_active":false,"_monsterinsights_sitenote_note":"","_monsterinsights_sitenote_category":0,"footnotes":""},"categories":[157],"tags":[16271,16272],"class_list":["post-60908","post","type-post","status-publish","format-standard","has-post-thumbnail","hentry","category-nacional","tag-banos","tag-universidad-autonoma-de-yucatan","wp-image-borders"],"amp_enabled":true,"_links":{"self":[{"href":"https:\/\/nvnoticias.mx\/index.php\/wp-json\/wp\/v2\/posts\/60908","targetHints":{"allow":["GET"]}}],"collection":[{"href":"https:\/\/nvnoticias.mx\/index.php\/wp-json\/wp\/v2\/posts"}],"about":[{"href":"https:\/\/nvnoticias.mx\/index.php\/wp-json\/wp\/v2\/types\/post"}],"author":[{"embeddable":true,"href":"https:\/\/nvnoticias.mx\/index.php\/wp-json\/wp\/v2\/users\/8"}],"replies":[{"embeddable":true,"href":"https:\/\/nvnoticias.mx\/index.php\/wp-json\/wp\/v2\/comments?post=60908"}],"version-history":[{"count":1,"href":"https:\/\/nvnoticias.mx\/index.php\/wp-json\/wp\/v2\/posts\/60908\/revisions"}],"predecessor-version":[{"id":60910,"href":"https:\/\/nvnoticias.mx\/index.php\/wp-json\/wp\/v2\/posts\/60908\/revisions\/60910"}],"wp:featuredmedia":[{"embeddable":true,"href":"https:\/\/nvnoticias.mx\/index.php\/wp-json\/wp\/v2\/media\/60909"}],"wp:attachment":[{"href":"https:\/\/nvnoticias.mx\/index.php\/wp-json\/wp\/v2\/media?parent=60908"}],"wp:term":[{"taxonomy":"category","embeddable":true,"href":"https:\/\/nvnoticias.mx\/index.php\/wp-json\/wp\/v2\/categories?post=60908"},{"taxonomy":"post_tag","embeddable":true,"href":"https:\/\/nvnoticias.mx\/index.php\/wp-json\/wp\/v2\/tags?post=60908"}],"curies":[{"name":"wp","href":"https:\/\/api.w.org\/{rel}","templated":true}]}}