{"id":60890,"date":"2022-06-21T15:14:13","date_gmt":"2022-06-21T20:14:13","guid":{"rendered":"https:\/\/nvnoticias.mx\/?p=60890"},"modified":"2022-06-21T15:14:14","modified_gmt":"2022-06-21T20:14:14","slug":"gobiernos-municipal-y-estatal-intervendran-la-avenida-arco-sur","status":"publish","type":"post","link":"https:\/\/nvnoticias.mx\/index.php\/2022\/06\/21\/gobiernos-municipal-y-estatal-intervendran-la-avenida-arco-sur\/","title":{"rendered":"Gobiernos Municipal y Estatal intervendr\u00e1n la avenida Arco Sur"},"content":{"rendered":"\n<p><\/p>\n\n\n\n<p>Xalapa, Ver.- A partir de este mi\u00e9rcoles, el Ayuntamiento y el Gobierno del Estado iniciar\u00e1n trabajos de rehabilitaci\u00f3n en distintos tramos de la avenida Arco Sur, donde se sustituir\u00e1 el pavimento asf\u00e1ltico por concreto hidr\u00e1ulico, para entregar una v\u00eda de mejor calidad.<\/p>\n\n\n\n<p>El director de Obras P\u00fablicas, Guillermo \u00c1vila Devezze, detall\u00f3 que se trabajar\u00e1 en el tramo comprendido entre las instalaciones del \u00d3rgano de Fiscalizaci\u00f3n Superior del Estado (Orfis) y una conocida plaza comercial.<\/p>\n\n\n\n<p>Ah\u00ed, el Ayuntamiento retirar\u00e1 el material existente a lo largo de 2.5 kil\u00f3metros para acondicionar y recibir concreto de la empresa contratada por la Secretar\u00eda de Infraestructura y Obras P\u00fablicas (SIOP).<\/p>\n\n\n\n<p>Adem\u00e1s, en el tramo comprendido entre el Walmart y las oficinas del Instituto de Pensiones del Estado (IPE), el Ayuntamiento se encargar\u00e1 de la rehabilitaci\u00f3n de 800 metros de carpeta asf\u00e1ltica que tambi\u00e9n ser\u00e1 sustituida por concreto hidr\u00e1ulico. De acuerdo con el funcionario, 560 metros entre la avenida R\u00e9bsamen y la cochera municipal ser\u00e1 atendida de forma conjunta por el Gobierno Municipal y el Estado.<\/p>\n\n\n\n<p>Durante el desarrollo de la obra, personal de la Comisi\u00f3n Municipal de Agua Potable y Saneamiento (CMAS) instalar\u00e1 la l\u00ednea de alimentaci\u00f3n correspondiente al tanque de almacenamiento construido en la zona del Parque Natura, as\u00ed como la red de distribuci\u00f3n para colonias de la zona, como Indeco \u00c1nimas, Constituyentes e Inmecaf\u00e9.<\/p>\n\n\n\n<p>El jefe del Departamento de Movilidad Urbana, Alfonso L\u00f3pez Pineda, dio a conocer que a lo largo de la avenida se colocar\u00e1n se\u00f1alamientos para informar sobre los desv\u00edos de circulaci\u00f3n necesarios para agilizar el tr\u00e1nsito, por lo que llam\u00f3 a la ciudadan\u00eda a conducir con precauci\u00f3n y respetar las indicaciones.<\/p>\n","protected":false},"excerpt":{"rendered":"<p>Xalapa, Ver.- A partir de este mi\u00e9rcoles, el Ayuntamiento y el Gobierno del Estado iniciar\u00e1n trabajos de rehabilitaci\u00f3n en distintos tramos de la avenida Arco Sur, donde se sustituir\u00e1 el pavimento asf\u00e1ltico por concreto hidr\u00e1ulico, para entregar una v\u00eda de mejor calidad. El director de Obras P\u00fablicas, Guillermo \u00c1vila Devezze, detall\u00f3 que se trabajar\u00e1 en [&hellip;]<\/p>\n","protected":false},"author":35,"featured_media":60891,"comment_status":"open","ping_status":"open","sticky":false,"template":"","format":"standard","meta":{"_monsterinsights_skip_tracking":false,"_monsterinsights_sitenote_active":false,"_monsterinsights_sitenote_note":"","_monsterinsights_sitenote_category":0,"footnotes":""},"categories":[156],"tags":[16267,8649,15669,16265,16266],"class_list":["post-60890","post","type-post","status-publish","format-standard","has-post-thumbnail","hentry","category-estado","tag-arco-sur","tag-avenida","tag-estatal","tag-gobiernos-municipal","tag-intervendran","wp-image-borders"],"amp_enabled":true,"_links":{"self":[{"href":"https:\/\/nvnoticias.mx\/index.php\/wp-json\/wp\/v2\/posts\/60890","targetHints":{"allow":["GET"]}}],"collection":[{"href":"https:\/\/nvnoticias.mx\/index.php\/wp-json\/wp\/v2\/posts"}],"about":[{"href":"https:\/\/nvnoticias.mx\/index.php\/wp-json\/wp\/v2\/types\/post"}],"author":[{"embeddable":true,"href":"https:\/\/nvnoticias.mx\/index.php\/wp-json\/wp\/v2\/users\/35"}],"replies":[{"embeddable":true,"href":"https:\/\/nvnoticias.mx\/index.php\/wp-json\/wp\/v2\/comments?post=60890"}],"version-history":[{"count":1,"href":"https:\/\/nvnoticias.mx\/index.php\/wp-json\/wp\/v2\/posts\/60890\/revisions"}],"predecessor-version":[{"id":60892,"href":"https:\/\/nvnoticias.mx\/index.php\/wp-json\/wp\/v2\/posts\/60890\/revisions\/60892"}],"wp:featuredmedia":[{"embeddable":true,"href":"https:\/\/nvnoticias.mx\/index.php\/wp-json\/wp\/v2\/media\/60891"}],"wp:attachment":[{"href":"https:\/\/nvnoticias.mx\/index.php\/wp-json\/wp\/v2\/media?parent=60890"}],"wp:term":[{"taxonomy":"category","embeddable":true,"href":"https:\/\/nvnoticias.mx\/index.php\/wp-json\/wp\/v2\/categories?post=60890"},{"taxonomy":"post_tag","embeddable":true,"href":"https:\/\/nvnoticias.mx\/index.php\/wp-json\/wp\/v2\/tags?post=60890"}],"curies":[{"name":"wp","href":"https:\/\/api.w.org\/{rel}","templated":true}]}}