{"id":6087,"date":"2021-02-28T10:08:01","date_gmt":"2021-02-28T16:08:01","guid":{"rendered":"https:\/\/nvnoticias.mx\/?p=6087"},"modified":"2021-02-28T10:08:03","modified_gmt":"2021-02-28T16:08:03","slug":"canelo-alvarez-mantiene-titulos-mundiales","status":"publish","type":"post","link":"https:\/\/nvnoticias.mx\/index.php\/2021\/02\/28\/canelo-alvarez-mantiene-titulos-mundiales\/","title":{"rendered":"&#8216;Canelo&#8217; \u00c1lvarez mantiene t\u00edtulos mundiales"},"content":{"rendered":"\n<p>S\u00f3lo  nueve minutos aguant\u00f3 <strong>Avni Yildirim ante el castigo del mexicano Sa\u00fal Canelo \u00c1lvarez<\/strong> antes de detener las acciones al no salir para el cuarto round y dejar en manos del mexicano los t\u00edtulos supermedios de la Asociaci\u00f3n Mundial de Boxeo y de la Organizaci\u00f3n Mundial de Boxeo. <\/p>\n\n\n\n<p>En lo que fue la victoria n\u00famero 55 de su carrera, Sa\u00fal \u00c1lvarez mostr\u00f3 fortaleza y mucha efectividad, sobre todo en sus golpes de poder que a la larga fueron la clave para el triunfo.<\/p>\n\n\n\n<blockquote class=\"wp-block-quote is-layout-flow wp-block-quote-is-layout-flow\"><p> &#8220;Me siento muy bien, vine a hacer mi trabajo y a ganar y a hacer historia. Me siento muy bien en este peso, me siento fuerte. Yo peleo con quien sea, peleo con los mejores y aqu\u00ed estoy. Para ser sincero si no fuera a unificar la divisi\u00f3n no le hubiera peleado a Yildirim&#8221;, declar\u00f3 el mexicano a\u00fan arriba del ring. <\/p><\/blockquote>\n\n\n\n<figure class=\"wp-block-embed is-type-rich is-provider-twitter wp-block-embed-twitter\"><div class=\"wp-block-embed__wrapper\">\n<blockquote class=\"twitter-tweet\" data-width=\"550\" data-dnt=\"true\"><p lang=\"es\" dir=\"ltr\">&quot;Todos quieren una pieza de Canelo, pero no se las voy a dar&quot;. \u27a1\ufe0f En camino a la unificaci\u00f3n de las 168 lb\u2696\ufe0f <a href=\"https:\/\/twitter.com\/hashtag\/CaneloYildirim?src=hash&amp;ref_src=twsrc%5Etfw\">#CaneloYildirim<\/a> <a href=\"https:\/\/t.co\/8BcJuIdUgP\">pic.twitter.com\/8BcJuIdUgP<\/a><\/p>&mdash; Canelo Alvarez (@Canelo) <a href=\"https:\/\/twitter.com\/Canelo\/status\/1365888478114938881?ref_src=twsrc%5Etfw\">February 28, 2021<\/a><\/blockquote><script async src=\"https:\/\/platform.twitter.com\/widgets.js\" charset=\"utf-8\"><\/script>\n<\/div><\/figure>\n\n\n\n<p>Fuente. <a href=\"https:\/\/www.milenio.com\/deportes\/boxeo\/canelo-alvarez-desarma-yildirim-mantiene-titulos-mundiales\">Milenio<\/a><\/p>\n","protected":false},"excerpt":{"rendered":"<p>S\u00f3lo nueve minutos aguant\u00f3 Avni Yildirim ante el castigo del mexicano Sa\u00fal Canelo \u00c1lvarez antes de detener las acciones al no salir para el cuarto round y dejar en manos del mexicano los t\u00edtulos supermedios de la Asociaci\u00f3n Mundial de Boxeo y de la Organizaci\u00f3n Mundial de Boxeo. En lo que fue la victoria n\u00famero [&hellip;]<\/p>\n","protected":false},"author":6,"featured_media":6088,"comment_status":"open","ping_status":"open","sticky":false,"template":"","format":"standard","meta":{"_monsterinsights_skip_tracking":false,"_monsterinsights_sitenote_active":false,"_monsterinsights_sitenote_note":"","_monsterinsights_sitenote_category":0,"footnotes":""},"categories":[159],"tags":[1849,256,459],"class_list":["post-6087","post","type-post","status-publish","format-standard","has-post-thumbnail","hentry","category-deportes","tag-avni-yildirim","tag-box","tag-canelo-alvarez","wp-image-borders"],"amp_enabled":true,"_links":{"self":[{"href":"https:\/\/nvnoticias.mx\/index.php\/wp-json\/wp\/v2\/posts\/6087","targetHints":{"allow":["GET"]}}],"collection":[{"href":"https:\/\/nvnoticias.mx\/index.php\/wp-json\/wp\/v2\/posts"}],"about":[{"href":"https:\/\/nvnoticias.mx\/index.php\/wp-json\/wp\/v2\/types\/post"}],"author":[{"embeddable":true,"href":"https:\/\/nvnoticias.mx\/index.php\/wp-json\/wp\/v2\/users\/6"}],"replies":[{"embeddable":true,"href":"https:\/\/nvnoticias.mx\/index.php\/wp-json\/wp\/v2\/comments?post=6087"}],"version-history":[{"count":1,"href":"https:\/\/nvnoticias.mx\/index.php\/wp-json\/wp\/v2\/posts\/6087\/revisions"}],"predecessor-version":[{"id":6089,"href":"https:\/\/nvnoticias.mx\/index.php\/wp-json\/wp\/v2\/posts\/6087\/revisions\/6089"}],"wp:featuredmedia":[{"embeddable":true,"href":"https:\/\/nvnoticias.mx\/index.php\/wp-json\/wp\/v2\/media\/6088"}],"wp:attachment":[{"href":"https:\/\/nvnoticias.mx\/index.php\/wp-json\/wp\/v2\/media?parent=6087"}],"wp:term":[{"taxonomy":"category","embeddable":true,"href":"https:\/\/nvnoticias.mx\/index.php\/wp-json\/wp\/v2\/categories?post=6087"},{"taxonomy":"post_tag","embeddable":true,"href":"https:\/\/nvnoticias.mx\/index.php\/wp-json\/wp\/v2\/tags?post=6087"}],"curies":[{"name":"wp","href":"https:\/\/api.w.org\/{rel}","templated":true}]}}