{"id":60838,"date":"2022-06-21T13:12:49","date_gmt":"2022-06-21T18:12:49","guid":{"rendered":"https:\/\/nvnoticias.mx\/?p=60838"},"modified":"2022-06-21T13:12:51","modified_gmt":"2022-06-21T18:12:51","slug":"con-transparencia-y-unidad-se-impulsa-el-desarrollo-de-xalapa","status":"publish","type":"post","link":"https:\/\/nvnoticias.mx\/index.php\/2022\/06\/21\/con-transparencia-y-unidad-se-impulsa-el-desarrollo-de-xalapa\/","title":{"rendered":"Con transparencia y unidad se impulsa el desarrollo de Xalapa"},"content":{"rendered":"\n<p>Xalapa, Ver.- Con transparencia, armon\u00eda y la suma de esfuerzos, los gobiernos de Xalapa y Veracruz trabajan por el bien com\u00fan para transformar la ciudad y beneficiar a las familias que menos tienen, afirm\u00f3 el presidente municipal Ricardo Ahued Bardahuil durante la inauguraci\u00f3n del M\u00f3dulo de Canje de Placas que, a partir de este martes, funciona en el patio central de Palacio Municipal.<\/p>\n\n\n\n<p>Acompa\u00f1ado por el secretario de Finanzas, Jos\u00e9 Luis Lima Franco, el Alcalde manifest\u00f3 que este m\u00f3dulo es ejemplo de lo que se puede lograr para brindar mejores servicios a la poblaci\u00f3n e impulsar el desarrollo y crecimiento del municipio.<\/p>\n\n\n\n<figure class=\"wp-block-image size-large\"><img loading=\"lazy\" decoding=\"async\" width=\"1024\" height=\"684\" src=\"https:\/\/nvnoticias.mx\/wp-content\/uploads\/2022\/06\/WhatsApp-Image-2022-06-21-at-12.39.50-PM-2-1024x684.jpeg\" alt=\"\" class=\"wp-image-60839\" srcset=\"https:\/\/nvnoticias.mx\/wp-content\/uploads\/2022\/06\/WhatsApp-Image-2022-06-21-at-12.39.50-PM-2-1024x684.jpeg 1024w, https:\/\/nvnoticias.mx\/wp-content\/uploads\/2022\/06\/WhatsApp-Image-2022-06-21-at-12.39.50-PM-2-300x200.jpeg 300w, https:\/\/nvnoticias.mx\/wp-content\/uploads\/2022\/06\/WhatsApp-Image-2022-06-21-at-12.39.50-PM-2-768x513.jpeg 768w, https:\/\/nvnoticias.mx\/wp-content\/uploads\/2022\/06\/WhatsApp-Image-2022-06-21-at-12.39.50-PM-2-1536x1025.jpeg 1536w, https:\/\/nvnoticias.mx\/wp-content\/uploads\/2022\/06\/WhatsApp-Image-2022-06-21-at-12.39.50-PM-2.jpeg 1600w\" sizes=\"auto, (max-width: 1024px) 100vw, 1024px\" \/><\/figure>\n\n\n\n<p>Reiter\u00f3 la voluntad de la administraci\u00f3n que encabeza para trabajar en coordinaci\u00f3n y unidad con los gobiernos de la Rep\u00fablica y del Estado, pues se ha tenido el apoyo incondicional tanto del Presidente como del Gobernador del estado, esto har\u00e1 posible realizar obras e inversiones que, nada m\u00e1s este a\u00f1o, rebasar\u00edan los 800 millones de pesos.<\/p>\n\n\n\n<p>Esto, reiter\u00f3, permitir\u00e1 canalizar recursos para hacer obras de vialidad e infraestructura hidr\u00e1ulica que solucionar\u00e1n los problemas de inundaciones en las zonas bajas y mejorar\u00e1n la movilidad social.<\/p>\n\n\n\n<p>El alcalde Ricardo Ahued Bardahuil destac\u00f3 que este a\u00f1o se har\u00e1n m\u00e1s de 200 acciones de infraestructura, que si bien generan molestias moment\u00e1neas a la vialidad, aportan soluciones definitivas.<\/p>\n\n\n\n<figure class=\"wp-block-image size-large\"><img loading=\"lazy\" decoding=\"async\" width=\"1024\" height=\"684\" src=\"https:\/\/nvnoticias.mx\/wp-content\/uploads\/2022\/06\/WhatsApp-Image-2022-06-21-at-12.39.50-PM-1-1024x684.jpeg\" alt=\"\" class=\"wp-image-60840\" srcset=\"https:\/\/nvnoticias.mx\/wp-content\/uploads\/2022\/06\/WhatsApp-Image-2022-06-21-at-12.39.50-PM-1-1024x684.jpeg 1024w, https:\/\/nvnoticias.mx\/wp-content\/uploads\/2022\/06\/WhatsApp-Image-2022-06-21-at-12.39.50-PM-1-300x200.jpeg 300w, https:\/\/nvnoticias.mx\/wp-content\/uploads\/2022\/06\/WhatsApp-Image-2022-06-21-at-12.39.50-PM-1-768x513.jpeg 768w, https:\/\/nvnoticias.mx\/wp-content\/uploads\/2022\/06\/WhatsApp-Image-2022-06-21-at-12.39.50-PM-1-1536x1025.jpeg 1536w, https:\/\/nvnoticias.mx\/wp-content\/uploads\/2022\/06\/WhatsApp-Image-2022-06-21-at-12.39.50-PM-1.jpeg 1600w\" sizes=\"auto, (max-width: 1024px) 100vw, 1024px\" \/><\/figure>\n\n\n\n<p>El secretario de Finanzas, Jos\u00e9 Luis Lima, expres\u00f3 el agradecimiento a las autoridades municipales por brindar todas las facilidades para instalar el m\u00f3dulo de canje de placas, as\u00ed como la voluntad para trabajar de forma coordinada en beneficio de la sociedad.<\/p>\n\n\n\n<p>En el m\u00f3dulo que funcionar\u00e1 en el patio central de Palacio Municipal de lunes a viernes, de 8:00 a 18:00 horas, las y los ciudadanos podr\u00e1n hacer el cambio de placas. En caso de que se est\u00e9 al corriente con los derechos y verificaci\u00f3n vehicular, pueden obtener las placas gratuitamente. Si tienen adeudos se condona la tenencia al pagar placas, derecho y verificaci\u00f3n vehicular 2022.<\/p>\n\n\n\n<figure class=\"wp-block-image size-large\"><img loading=\"lazy\" decoding=\"async\" width=\"1024\" height=\"684\" src=\"https:\/\/nvnoticias.mx\/wp-content\/uploads\/2022\/06\/WhatsApp-Image-2022-06-21-at-12.39.50-PM-3-1024x684.jpeg\" alt=\"\" class=\"wp-image-60841\" srcset=\"https:\/\/nvnoticias.mx\/wp-content\/uploads\/2022\/06\/WhatsApp-Image-2022-06-21-at-12.39.50-PM-3-1024x684.jpeg 1024w, https:\/\/nvnoticias.mx\/wp-content\/uploads\/2022\/06\/WhatsApp-Image-2022-06-21-at-12.39.50-PM-3-300x200.jpeg 300w, https:\/\/nvnoticias.mx\/wp-content\/uploads\/2022\/06\/WhatsApp-Image-2022-06-21-at-12.39.50-PM-3-768x513.jpeg 768w, https:\/\/nvnoticias.mx\/wp-content\/uploads\/2022\/06\/WhatsApp-Image-2022-06-21-at-12.39.50-PM-3-1536x1025.jpeg 1536w, https:\/\/nvnoticias.mx\/wp-content\/uploads\/2022\/06\/WhatsApp-Image-2022-06-21-at-12.39.50-PM-3.jpeg 1600w\" sizes=\"auto, (max-width: 1024px) 100vw, 1024px\" \/><\/figure>\n\n\n\n<p>Al acto protocolario asistieron la s\u00edndica \u00fanica, Cecilia Coronel Brizio; las regidoras Mar\u00eda Guadalupe M\u00e1rquez Leonardo, Martha Valentina Dom\u00ednguez V\u00e1squez y Ana Cristina Hern\u00e1ndez Aburto; los regidores Antonio Ballesteros Grayeb, Diego David Florescano P\u00e9rez, Carlos Rugerio Mart\u00ednez, Daniel Fern\u00e1ndez Carri\u00f3n y Alfonso Marcos Garc\u00eda Castillo; el secretario del Ayuntamiento, Ram\u00f3n Antonio Ramos Niembro, as\u00ed como la tesorera Indira Gonz\u00e1lez Ram\u00edrez y la directora de Ingresos, Patricia Ortega Pardo.<\/p>\n\n\n\n<figure class=\"wp-block-image size-large\"><img loading=\"lazy\" decoding=\"async\" width=\"1024\" height=\"684\" src=\"https:\/\/nvnoticias.mx\/wp-content\/uploads\/2022\/06\/WhatsApp-Image-2022-06-21-at-12.39.50-PM-4-1024x684.jpeg\" alt=\"\" class=\"wp-image-60842\" srcset=\"https:\/\/nvnoticias.mx\/wp-content\/uploads\/2022\/06\/WhatsApp-Image-2022-06-21-at-12.39.50-PM-4-1024x684.jpeg 1024w, https:\/\/nvnoticias.mx\/wp-content\/uploads\/2022\/06\/WhatsApp-Image-2022-06-21-at-12.39.50-PM-4-300x200.jpeg 300w, https:\/\/nvnoticias.mx\/wp-content\/uploads\/2022\/06\/WhatsApp-Image-2022-06-21-at-12.39.50-PM-4-768x513.jpeg 768w, https:\/\/nvnoticias.mx\/wp-content\/uploads\/2022\/06\/WhatsApp-Image-2022-06-21-at-12.39.50-PM-4-1536x1025.jpeg 1536w, https:\/\/nvnoticias.mx\/wp-content\/uploads\/2022\/06\/WhatsApp-Image-2022-06-21-at-12.39.50-PM-4.jpeg 1600w\" sizes=\"auto, (max-width: 1024px) 100vw, 1024px\" \/><\/figure>\n","protected":false},"excerpt":{"rendered":"<p>Xalapa, Ver.- Con transparencia, armon\u00eda y la suma de esfuerzos, los gobiernos de Xalapa y Veracruz trabajan por el bien com\u00fan para transformar la ciudad y beneficiar a las familias que menos tienen, afirm\u00f3 el presidente municipal Ricardo Ahued Bardahuil durante la inauguraci\u00f3n del M\u00f3dulo de Canje de Placas que, a partir de este martes, [&hellip;]<\/p>\n","protected":false},"author":8,"featured_media":60843,"comment_status":"open","ping_status":"open","sticky":false,"template":"","format":"standard","meta":{"_monsterinsights_skip_tracking":false,"_monsterinsights_sitenote_active":false,"_monsterinsights_sitenote_note":"","_monsterinsights_sitenote_category":0,"footnotes":""},"categories":[156],"tags":[4740,3948,9537,312],"class_list":["post-60838","post","type-post","status-publish","format-standard","has-post-thumbnail","hentry","category-estado","tag-desarrollo","tag-transparencia","tag-unidad","tag-xalapa","wp-image-borders"],"amp_enabled":true,"_links":{"self":[{"href":"https:\/\/nvnoticias.mx\/index.php\/wp-json\/wp\/v2\/posts\/60838","targetHints":{"allow":["GET"]}}],"collection":[{"href":"https:\/\/nvnoticias.mx\/index.php\/wp-json\/wp\/v2\/posts"}],"about":[{"href":"https:\/\/nvnoticias.mx\/index.php\/wp-json\/wp\/v2\/types\/post"}],"author":[{"embeddable":true,"href":"https:\/\/nvnoticias.mx\/index.php\/wp-json\/wp\/v2\/users\/8"}],"replies":[{"embeddable":true,"href":"https:\/\/nvnoticias.mx\/index.php\/wp-json\/wp\/v2\/comments?post=60838"}],"version-history":[{"count":1,"href":"https:\/\/nvnoticias.mx\/index.php\/wp-json\/wp\/v2\/posts\/60838\/revisions"}],"predecessor-version":[{"id":60844,"href":"https:\/\/nvnoticias.mx\/index.php\/wp-json\/wp\/v2\/posts\/60838\/revisions\/60844"}],"wp:featuredmedia":[{"embeddable":true,"href":"https:\/\/nvnoticias.mx\/index.php\/wp-json\/wp\/v2\/media\/60843"}],"wp:attachment":[{"href":"https:\/\/nvnoticias.mx\/index.php\/wp-json\/wp\/v2\/media?parent=60838"}],"wp:term":[{"taxonomy":"category","embeddable":true,"href":"https:\/\/nvnoticias.mx\/index.php\/wp-json\/wp\/v2\/categories?post=60838"},{"taxonomy":"post_tag","embeddable":true,"href":"https:\/\/nvnoticias.mx\/index.php\/wp-json\/wp\/v2\/tags?post=60838"}],"curies":[{"name":"wp","href":"https:\/\/api.w.org\/{rel}","templated":true}]}}