{"id":60808,"date":"2022-06-21T11:54:22","date_gmt":"2022-06-21T16:54:22","guid":{"rendered":"https:\/\/nvnoticias.mx\/?p=60808"},"modified":"2022-06-21T11:54:23","modified_gmt":"2022-06-21T16:54:23","slug":"fiscal-general-de-veracruz-hace-quedar-mal-al-gobernador-pt","status":"publish","type":"post","link":"https:\/\/nvnoticias.mx\/index.php\/2022\/06\/21\/fiscal-general-de-veracruz-hace-quedar-mal-al-gobernador-pt\/","title":{"rendered":"Fiscal general de Veracruz &#8220;hace quedar mal al gobernador&#8221;: PT"},"content":{"rendered":"\n<p><strong>Sam Ojeda | NV Noticias <\/strong><\/p>\n\n\n\n<p>Xalapa.- El comisionado nacional del Partido del Trabajo (PT), Vicente Aguilar Aguilar, asegur\u00f3 que la fiscal general de Veracruz, Ver\u00f3nica Hern\u00e1ndez Giad\u00e1ns, \u201chace quedar mal al gobernador\u201d Cuitl\u00e1huac Garc\u00eda Jim\u00e9nez con casos como la liberaci\u00f3n del secretario t\u00e9cnico del Senado, Jos\u00e9 Manuel del R\u00edo Virgen.<\/p>\n\n\n\n<p>El funcionario indic\u00f3 que la salida del funcionario de prisi\u00f3n significa que la Fiscal\u00eda General de Veracruz (FGE) no entreg\u00f3 los elementos suficientes para probar la presunta participaci\u00f3n de Del R\u00edo en el asesinato del candidato de Movimiento Ciudadano a la alcald\u00eda de Cazones de Herrera, Remigio Tovar Tovar.<\/p>\n\n\n\n<blockquote class=\"wp-block-quote is-layout-flow wp-block-quote-is-layout-flow\"><p>\u201cLa culpable es la Fiscal\u00eda por no dar los elementos suficientes para que el culpable est\u00e1 en la c\u00e1rcel, si sali\u00f3 es que no aplicaron lo que manifiesta la ley y hace quedar mal al Gobernador. La Fiscal\u00eda no hizo lo correcto para imputarlo\u201d.<\/p><\/blockquote>\n\n\n\n<p>Aguilar Aguilar lament\u00f3 que el trabajo de este organismo aut\u00f3nomo afecte la imagen de desempe\u00f1o de la administraci\u00f3n que encabeza el morenista Garc\u00eda Jim\u00e9nez.<\/p>\n\n\n\n<blockquote class=\"wp-block-quote is-layout-flow wp-block-quote-is-layout-flow\"><p>\u201cLa fiscal tiene que saber si faltaron o no elementos, aunque ante la sociedad la fiscal qued\u00f3 mal y hace quedar mal al Gobierno del estado es la fiscal\u201d.<\/p><\/blockquote>\n\n\n\n<p>Sobre el caso de la detenci\u00f3n del alcalde electo de Jes\u00fas Carranza, Pasiano \u201cN\u201d, dijo que esperan que el juez dictamine r\u00e1pidamente su liberaci\u00f3n para que pueda rendir protesta de ley el pr\u00f3ximo 1 de julio.<\/p>\n\n\n\n<blockquote class=\"wp-block-quote is-layout-flow wp-block-quote-is-layout-flow\"><p>\u201cLo que nos preocupa es que ya tenemos el tiempo y el 1 de julio debe tomar protesta o debe tomar la rienda la s\u00edndica para que unos meses despu\u00e9s llegue el suplente. Esperamos que el juez dictamine el caso porque queremos ver a Pasiano Rueda libre\u201d.<\/p><\/blockquote>\n","protected":false},"excerpt":{"rendered":"<p>Sam Ojeda | NV Noticias Xalapa.- El comisionado nacional del Partido del Trabajo (PT), Vicente Aguilar Aguilar, asegur\u00f3 que la fiscal general de Veracruz, Ver\u00f3nica Hern\u00e1ndez Giad\u00e1ns, \u201chace quedar mal al gobernador\u201d Cuitl\u00e1huac Garc\u00eda Jim\u00e9nez con casos como la liberaci\u00f3n del secretario t\u00e9cnico del Senado, Jos\u00e9 Manuel del R\u00edo Virgen. El funcionario indic\u00f3 que la [&hellip;]<\/p>\n","protected":false},"author":35,"featured_media":27529,"comment_status":"open","ping_status":"open","sticky":false,"template":"","format":"standard","meta":{"_monsterinsights_skip_tracking":false,"_monsterinsights_sitenote_active":false,"_monsterinsights_sitenote_note":"","_monsterinsights_sitenote_category":0,"footnotes":""},"categories":[156],"tags":[16251,271,162,345],"class_list":["post-60808","post","type-post","status-publish","format-standard","has-post-thumbnail","hentry","category-estado","tag-fiscal-general-de-veracruz","tag-gobernador","tag-portada","tag-pt","wp-image-borders"],"amp_enabled":true,"_links":{"self":[{"href":"https:\/\/nvnoticias.mx\/index.php\/wp-json\/wp\/v2\/posts\/60808","targetHints":{"allow":["GET"]}}],"collection":[{"href":"https:\/\/nvnoticias.mx\/index.php\/wp-json\/wp\/v2\/posts"}],"about":[{"href":"https:\/\/nvnoticias.mx\/index.php\/wp-json\/wp\/v2\/types\/post"}],"author":[{"embeddable":true,"href":"https:\/\/nvnoticias.mx\/index.php\/wp-json\/wp\/v2\/users\/35"}],"replies":[{"embeddable":true,"href":"https:\/\/nvnoticias.mx\/index.php\/wp-json\/wp\/v2\/comments?post=60808"}],"version-history":[{"count":2,"href":"https:\/\/nvnoticias.mx\/index.php\/wp-json\/wp\/v2\/posts\/60808\/revisions"}],"predecessor-version":[{"id":60810,"href":"https:\/\/nvnoticias.mx\/index.php\/wp-json\/wp\/v2\/posts\/60808\/revisions\/60810"}],"wp:featuredmedia":[{"embeddable":true,"href":"https:\/\/nvnoticias.mx\/index.php\/wp-json\/wp\/v2\/media\/27529"}],"wp:attachment":[{"href":"https:\/\/nvnoticias.mx\/index.php\/wp-json\/wp\/v2\/media?parent=60808"}],"wp:term":[{"taxonomy":"category","embeddable":true,"href":"https:\/\/nvnoticias.mx\/index.php\/wp-json\/wp\/v2\/categories?post=60808"},{"taxonomy":"post_tag","embeddable":true,"href":"https:\/\/nvnoticias.mx\/index.php\/wp-json\/wp\/v2\/tags?post=60808"}],"curies":[{"name":"wp","href":"https:\/\/api.w.org\/{rel}","templated":true}]}}