{"id":60761,"date":"2022-06-21T10:27:15","date_gmt":"2022-06-21T15:27:15","guid":{"rendered":"https:\/\/nvnoticias.mx\/?p=60761"},"modified":"2022-06-21T10:28:18","modified_gmt":"2022-06-21T15:28:18","slug":"pide-amlo-a-la-onu-intervenir-en-el-caso-de-assange","status":"publish","type":"post","link":"https:\/\/nvnoticias.mx\/index.php\/2022\/06\/21\/pide-amlo-a-la-onu-intervenir-en-el-caso-de-assange\/","title":{"rendered":"Pide AMLO a la ONU intervenir en el caso de Assange"},"content":{"rendered":"\n<p>El titular del Ejecutivo Federal\u00a0<strong>hizo un llamado<\/strong>\u00a0a organismos internacionales en\u00a0<strong>defensa de los Derechos Humanos,<\/strong>\u00a0como Naciones Unidas, para que intervengan en el caso de Assange: \u201cNaciones Unidas debe pronunciarse, todas las organizaciones de Derechos Humanos deben promocionarse, no deben de haber silencio, s\u00ed, muchos la mayor\u00eda, porque son<strong>\u00a0ap\u00e9ndices del poder<\/strong>\u201d, arremeti\u00f3 el mandatario.<\/p>\n\n\n\n<p>L\u00f3pez Obrador enfatiz\u00f3 que M\u00e9xico le abre las puertas a Julian Assange en el caso de que se resuelva su libertad, asegur\u00f3 que&nbsp;<strong>hay mecanismos para hacerlo&nbsp;<\/strong>y record\u00f3 cuando lo comprob\u00f3 al enviarle un mensaje al entonces presidente&nbsp;<strong>Donald Trump.<\/strong><\/p>\n\n\n\n<blockquote class=\"wp-block-quote is-layout-flow wp-block-quote-is-layout-flow\"><p>\u201cCuando le escrib\u00ed a Trump recuerdo que \u00e9l estaba por terminar su mandato y de conformidad con las leyes de Estados Unidos,&nbsp;<strong>tienen esa facultad los presidentes<\/strong>&nbsp;para emitir decretos, para&nbsp;<strong>liberar a presos<\/strong>, para indultar, es una facultad de los presidentes\u201d.<\/p><\/blockquote>\n\n\n\n<p>Durante la Ma\u00f1anera, L\u00f3pez Obrador pidi\u00f3 reproducir un video publicado por el periodista australiano como parte del material que dio a conocer por el que es perseguido, donde desde un<strong>\u00a0helic\u00f3ptero Apache\u00a0<\/strong>de la armada de<strong>\u00a0Estados Unidos<\/strong>\u00a0se ve como los soldados disparan y\u00a0<strong>asesinan a civiles y a periodistas<\/strong>\u00a0de la agencia Reuters\u00a0en Bagdad, Irak.\u00a0\u00a0<\/p>\n\n\n\n<p>Fuente: <a href=\"https:\/\/heraldodemexico.com.mx\/nacional\/2022\/6\/21\/amlo-pedira-biden-liberar-julian-assange-en-su-proxima-reunion-naciones-unidas-debe-pronunciarse-415326.html\" data-type=\"URL\" data-id=\"https:\/\/heraldodemexico.com.mx\/nacional\/2022\/6\/21\/amlo-pedira-biden-liberar-julian-assange-en-su-proxima-reunion-naciones-unidas-debe-pronunciarse-415326.html\">El Heraldo de M\u00e9xico <\/a><\/p>\n","protected":false},"excerpt":{"rendered":"<p>El titular del Ejecutivo Federal\u00a0hizo un llamado\u00a0a organismos internacionales en\u00a0defensa de los Derechos Humanos,\u00a0como Naciones Unidas, para que intervengan en el caso de Assange: \u201cNaciones Unidas debe pronunciarse, todas las organizaciones de Derechos Humanos deben promocionarse, no deben de haber silencio, s\u00ed, muchos la mayor\u00eda, porque son\u00a0ap\u00e9ndices del poder\u201d, arremeti\u00f3 el mandatario. L\u00f3pez Obrador enfatiz\u00f3 [&hellip;]<\/p>\n","protected":false},"author":35,"featured_media":30155,"comment_status":"open","ping_status":"open","sticky":false,"template":"","format":"standard","meta":{"_monsterinsights_skip_tracking":false,"_monsterinsights_sitenote_active":false,"_monsterinsights_sitenote_note":"","_monsterinsights_sitenote_category":0,"footnotes":""},"categories":[158],"tags":[188,8339,513,162],"class_list":["post-60761","post","type-post","status-publish","format-standard","has-post-thumbnail","hentry","category-politica","tag-amlo","tag-julian-assange","tag-onu","tag-portada","wp-image-borders"],"amp_enabled":true,"_links":{"self":[{"href":"https:\/\/nvnoticias.mx\/index.php\/wp-json\/wp\/v2\/posts\/60761","targetHints":{"allow":["GET"]}}],"collection":[{"href":"https:\/\/nvnoticias.mx\/index.php\/wp-json\/wp\/v2\/posts"}],"about":[{"href":"https:\/\/nvnoticias.mx\/index.php\/wp-json\/wp\/v2\/types\/post"}],"author":[{"embeddable":true,"href":"https:\/\/nvnoticias.mx\/index.php\/wp-json\/wp\/v2\/users\/35"}],"replies":[{"embeddable":true,"href":"https:\/\/nvnoticias.mx\/index.php\/wp-json\/wp\/v2\/comments?post=60761"}],"version-history":[{"count":3,"href":"https:\/\/nvnoticias.mx\/index.php\/wp-json\/wp\/v2\/posts\/60761\/revisions"}],"predecessor-version":[{"id":60764,"href":"https:\/\/nvnoticias.mx\/index.php\/wp-json\/wp\/v2\/posts\/60761\/revisions\/60764"}],"wp:featuredmedia":[{"embeddable":true,"href":"https:\/\/nvnoticias.mx\/index.php\/wp-json\/wp\/v2\/media\/30155"}],"wp:attachment":[{"href":"https:\/\/nvnoticias.mx\/index.php\/wp-json\/wp\/v2\/media?parent=60761"}],"wp:term":[{"taxonomy":"category","embeddable":true,"href":"https:\/\/nvnoticias.mx\/index.php\/wp-json\/wp\/v2\/categories?post=60761"},{"taxonomy":"post_tag","embeddable":true,"href":"https:\/\/nvnoticias.mx\/index.php\/wp-json\/wp\/v2\/tags?post=60761"}],"curies":[{"name":"wp","href":"https:\/\/api.w.org\/{rel}","templated":true}]}}