{"id":60722,"date":"2022-06-21T09:39:09","date_gmt":"2022-06-21T14:39:09","guid":{"rendered":"https:\/\/nvnoticias.mx\/?p=60722"},"modified":"2022-06-21T09:39:09","modified_gmt":"2022-06-21T14:39:09","slug":"no-me-candidateen-me-van-a-meter-un-balazo-del-rio-virgen","status":"publish","type":"post","link":"https:\/\/nvnoticias.mx\/index.php\/2022\/06\/21\/no-me-candidateen-me-van-a-meter-un-balazo-del-rio-virgen\/","title":{"rendered":"No me candidateen, me van a meter un balazo: Del R\u00edo Virgen"},"content":{"rendered":"\n<p>Tres d\u00edas despu\u00e9s de haber salido\u00a0de prisi\u00f3n,\u00a0Jos\u00e9 Manuel del R\u00edo Virgen\u00a0se reincorpor\u00f3 al\u00a0<strong>Senado<\/strong>\u00a0como\u00a0secretario t\u00e9cnico de la Junta de Coordinaci\u00f3n Pol\u00edtica.<\/p>\n\n\n\n<p>Legisladores de todos los partidos, como&nbsp;<strong>Ricardo Monreal, Claudia Ruiz Massieu, Miguel \u00c1ngel Osorio Chong<\/strong>&nbsp;y&nbsp;<strong>Miguel&nbsp; \u00c1ngel Mancera<\/strong>, lo recibieron con aplausos. Incluso,&nbsp;<strong>Dante Delgado, de Movimiento Ciudadano<\/strong>, dijo ante reporteros: \u201cYa que est\u00e1 aqu\u00ed, que no quede duda:&nbsp;\u00a1tenemos candidato!\u201d<\/p>\n\n\n\n<blockquote class=\"wp-block-quote is-layout-flow wp-block-quote-is-layout-flow\"><p><strong>Del R\u00edo<\/strong>\u00a0respondi\u00f3: \u201cNo, si ahorita me entambaron, me van a meter un balazo.\u00a0<strong>Cuitl\u00e1huac<\/strong>\u00a0(<strong>Garc\u00eda<\/strong>)\u00a0es capaz de eso y m\u00e1s\u201d.<\/p><\/blockquote>\n\n\n\n<p>El funcionbario asegur\u00f3 que su encierro de 178 d\u00edas en el\u00a0penal\u00a0de Pacho Viejo,\u00a0acusado de homicidio, tiene un trasfondo pol\u00edtico que busca frenar la eventual candidatura presidencial de\u00a0Ricardo Monreal, en\u00a0<strong>Morena<\/strong>, y el proyecto pol\u00edtico de\u00a0<strong>Movimiento Ciudadano<\/strong>, del que es fundador.<\/p>\n\n\n\n<blockquote class=\"wp-block-quote is-layout-flow wp-block-quote-is-layout-flow\"><p>En entrevista con\u00a0<strong>Pedro Gamboa<\/strong>, el secretario t\u00e9cnico de la Junta afirm\u00f3:\u00a0\u201c\u00c9l (Cuitl\u00e1huac Garc\u00eda, gobernador de Veracruz) lo tom\u00f3 en forma personal porque quiere descarrilar dos proyectos: el de\u00a0<strong>Ricardo Monreal<\/strong>, en Morena, y el de\u00a0<strong>Dante Delgado<\/strong>, que est\u00e1 construyendo con la sociedad. Porque desafortunadamente el gobernador se ha convertido en el primer matraquero de\u00a0<strong>Claudia Sheinbaum\u00a0<\/strong>en Veracruz, a eso se dedica\u201d, dijo .<\/p><\/blockquote>\n\n\n\n<p>\u201cLo \u00fanico malo que yo he hecho es que estoy sentado en la Junta de Coordinaci\u00f3n\u201d, donde tambi\u00e9n se encuentra Monreal, que la preside, y Dante Delgado, con quien fund\u00f3 en 1999 el partido Convergencia por la Democracia, que con el paso de los a\u00f1os se transform\u00f3 en lo que ahora es Movimiento Ciudadano.<\/p>\n\n\n\n<p>Sobre el espaldarazo que el presidente Andr\u00e9s Manuel L\u00f3pez Obrador dio a Cuitl\u00e1huac Garc\u00eda por la ma\u00f1ana, consider\u00f3 que se trata de un juego de lealtades pol\u00edticas, pero acus\u00f3 que el mandatario est\u00e1 siendo enga\u00f1ado.<\/p>\n\n\n\n<blockquote class=\"wp-block-quote is-layout-flow wp-block-quote-is-layout-flow\"><p>\u201cYo creo que el Presidente es muy buena persona. Y si lo enga\u00f1a Cuitl\u00e1huac Garc\u00eda, pues el Presidente tiene asesores para que le puedan aclarar las cosas\u201d, afirm\u00f3.<\/p><\/blockquote>\n\n\n\n<p>Luego de que Dante Delgado lo candidateara esta ma\u00f1ana al regresar al Senado, Del R\u00edo Virgen aclar\u00f3 que por el momento no tiene deseos de participar en ninguna elecci\u00f3n y prefiere enfocarse en su familia y en el trabajo como secretario t\u00e9cnico del Senado.<\/p>\n\n\n\n<p>Entre aplausos, flores y un letrero gigante de \u201cBienvenido\u201d, el funcionario fue recibido de regreso como h\u00e9roe. Adem\u00e1s de Monreal y Dante Delgado, Del R\u00edo fue arropado por legisladores del PRI, PRD e independientes, quienes acusaron que en Veracruz se fabrican culpables.<\/p>\n\n\n\n<blockquote class=\"wp-block-quote is-layout-flow wp-block-quote-is-layout-flow\"><p>\u201cVoy a emprender acciones legales por diferentes motivos\u201d, adelant\u00f3,  al tiempo de responsabilizar a autoridades veracruzanas de cualquier cosa que le pase a \u00e9l o a su familia.<\/p><\/blockquote>\n\n\n\n<p>Fuente: <a href=\"https:\/\/www.milenio.com\/politica\/no-me-candidateen-me-van-a-meter-un-balazo-del-rio-virgen\" data-type=\"URL\" data-id=\"https:\/\/www.milenio.com\/politica\/no-me-candidateen-me-van-a-meter-un-balazo-del-rio-virgen\">Milenio<\/a> <\/p>\n","protected":false},"excerpt":{"rendered":"<p>Tres d\u00edas despu\u00e9s de haber salido\u00a0de prisi\u00f3n,\u00a0Jos\u00e9 Manuel del R\u00edo Virgen\u00a0se reincorpor\u00f3 al\u00a0Senado\u00a0como\u00a0secretario t\u00e9cnico de la Junta de Coordinaci\u00f3n Pol\u00edtica. Legisladores de todos los partidos, como&nbsp;Ricardo Monreal, Claudia Ruiz Massieu, Miguel \u00c1ngel Osorio Chong&nbsp;y&nbsp;Miguel&nbsp; \u00c1ngel Mancera, lo recibieron con aplausos. Incluso,&nbsp;Dante Delgado, de Movimiento Ciudadano, dijo ante reporteros: \u201cYa que est\u00e1 aqu\u00ed, que no quede [&hellip;]<\/p>\n","protected":false},"author":35,"featured_media":60723,"comment_status":"open","ping_status":"open","sticky":false,"template":"","format":"standard","meta":{"_monsterinsights_skip_tracking":false,"_monsterinsights_sitenote_active":false,"_monsterinsights_sitenote_note":"","_monsterinsights_sitenote_category":0,"footnotes":""},"categories":[158],"tags":[16237,16236,8212],"class_list":["post-60722","post","type-post","status-publish","format-standard","has-post-thumbnail","hentry","category-politica","tag-balazo","tag-candidateen","tag-jose-manuel-del-rio-virgen","wp-image-borders"],"amp_enabled":true,"_links":{"self":[{"href":"https:\/\/nvnoticias.mx\/index.php\/wp-json\/wp\/v2\/posts\/60722","targetHints":{"allow":["GET"]}}],"collection":[{"href":"https:\/\/nvnoticias.mx\/index.php\/wp-json\/wp\/v2\/posts"}],"about":[{"href":"https:\/\/nvnoticias.mx\/index.php\/wp-json\/wp\/v2\/types\/post"}],"author":[{"embeddable":true,"href":"https:\/\/nvnoticias.mx\/index.php\/wp-json\/wp\/v2\/users\/35"}],"replies":[{"embeddable":true,"href":"https:\/\/nvnoticias.mx\/index.php\/wp-json\/wp\/v2\/comments?post=60722"}],"version-history":[{"count":7,"href":"https:\/\/nvnoticias.mx\/index.php\/wp-json\/wp\/v2\/posts\/60722\/revisions"}],"predecessor-version":[{"id":60730,"href":"https:\/\/nvnoticias.mx\/index.php\/wp-json\/wp\/v2\/posts\/60722\/revisions\/60730"}],"wp:featuredmedia":[{"embeddable":true,"href":"https:\/\/nvnoticias.mx\/index.php\/wp-json\/wp\/v2\/media\/60723"}],"wp:attachment":[{"href":"https:\/\/nvnoticias.mx\/index.php\/wp-json\/wp\/v2\/media?parent=60722"}],"wp:term":[{"taxonomy":"category","embeddable":true,"href":"https:\/\/nvnoticias.mx\/index.php\/wp-json\/wp\/v2\/categories?post=60722"},{"taxonomy":"post_tag","embeddable":true,"href":"https:\/\/nvnoticias.mx\/index.php\/wp-json\/wp\/v2\/tags?post=60722"}],"curies":[{"name":"wp","href":"https:\/\/api.w.org\/{rel}","templated":true}]}}