{"id":60583,"date":"2022-06-20T10:41:35","date_gmt":"2022-06-20T15:41:35","guid":{"rendered":"https:\/\/nvnoticias.mx\/?p=60583"},"modified":"2022-06-20T10:41:36","modified_gmt":"2022-06-20T15:41:36","slug":"amlo-es-mentiroso-y-necio-ricardo-anaya","status":"publish","type":"post","link":"https:\/\/nvnoticias.mx\/index.php\/2022\/06\/20\/amlo-es-mentiroso-y-necio-ricardo-anaya\/","title":{"rendered":"AMLO es mentiroso y necio: Ricardo Anaya"},"content":{"rendered":"\n<p><strong>Ricardo Anaya Cort\u00e9s<\/strong>, excandidato presidencial, pidi\u00f3 este lunes al presidente Andr\u00e9s Manuel L\u00f3pez Obrador avanzar hacia las energ\u00edas limpias.<\/p>\n\n\n\n<p>El panista dijo en su video semanal que ser\u00eda mejor que M\u00e9xico debe extraer petr\u00f3leo y aprovechar los precios para venderlo, y con ello avanzar en la<strong>&nbsp;transici\u00f3n de las energ\u00edas limpias.<\/strong><\/p>\n\n\n\n<p>Y afirm\u00f3 en su publicaci\u00f3n que AMLO es mentiroso, por prometer<strong>&nbsp;bajar el precio de las gasolinas&nbsp;<\/strong>y no cumplirlo; y necio, por&nbsp;<strong>obligar a las empresas a comprar energ\u00eda<\/strong>&nbsp;a la Comisi\u00f3n Federal de Electricidad (CFE).<\/p>\n\n\n\n<blockquote class=\"wp-block-quote is-layout-flow wp-block-quote-is-layout-flow\"><p>\u201cYo quisiera que el presidente nos responda con un simple s\u00ed o no a esto: \u00bfes cierto que \u00e9l prometi\u00f3 que cuando Morena gobernara la gasolina iba a costar 10 pesos el litro? \u00bfS\u00ed o no? \u00bfEntonces por qu\u00e9 cuesta 22, que es m\u00e1s del doble de lo que prometi\u00f3? (&#8230;) Y si no lo ha cumplido es por una de dos:\u00a0<strong>o prometi\u00f3 algo de lo que no sab\u00eda o peor, \u00e9l sab\u00eda que no era posible pero minti\u00f3 para ganar votos<\/strong>\u201d , acus\u00f3.<\/p><\/blockquote>\n\n\n\n<p>\u201cYo quisiera que el presidente nos responda con un simple s\u00ed o no a esto: \u00bfes cierto que \u00e9l prometi\u00f3 que cuando Morena gobernara la gasolina iba a costar 10 pesos el litro? \u00bfS\u00ed o no? \u00bfEntonces por qu\u00e9 cuesta 22, que es m\u00e1s del doble de lo que prometi\u00f3? (&#8230;) Y si no lo ha cumplido es por una de dos:&nbsp;<strong>o prometi\u00f3 algo de lo que no sab\u00eda o peor, \u00e9l sab\u00eda que no era posible pero minti\u00f3 para ganar votos<\/strong>\u201d , acus\u00f3.<\/p>\n\n\n\n<p>Como segundo ejemplo, dijo Anaya Cort\u00e9s, afirm\u00f3 que M\u00e9xico tiene ventajas para recibir inversi\u00f3n pero el Gobierno de AMLO ha puesto trabas para ello.<\/p>\n\n\n\n<p>\u201cUno de esos obst\u00e1culos, y quiz\u00e1 el mayor, es que las empresas m\u00e1s grandes del mundo ya se comprometieron a no usar energ\u00edas que contaminen para hacer sus productos. Nada m\u00e1s que como Bartlett y L\u00f3pez Obrador no lo entienden,&nbsp;<strong>aqu\u00ed el gobierno con sus ideas setenteras quieren obligar a esas empresas<\/strong>, porque eso es la famosa ley bartlett,&nbsp;<strong>a comprarle energ\u00eda cara y sucia a la CFE<\/strong>, la que se genera quemando combust\u00f3leo\u201d, expuso.<\/p>\n\n\n\n<p>Ricardo Anaya pidi\u00f3 a L\u00f3pez Obrador que cambie de opini\u00f3n y se d\u00e9 cuenta que el camino debe ser la extracci\u00f3n de petr\u00f3leo y avanzar hacia el uso de energ\u00edas limpias.<\/p>\n\n\n\n<p>Fuente: <a href=\"https:\/\/www.elfinanciero.com.mx\/nacional\/2022\/06\/20\/amlo-es-mentiroso-y-necio-ricardo-anaya-pide-hacer-transicion-a-energias-limpias\/\" data-type=\"URL\" data-id=\"https:\/\/www.elfinanciero.com.mx\/nacional\/2022\/06\/20\/amlo-es-mentiroso-y-necio-ricardo-anaya-pide-hacer-transicion-a-energias-limpias\/\">El Financiero<\/a> <\/p>\n","protected":false},"excerpt":{"rendered":"<p>Ricardo Anaya Cort\u00e9s, excandidato presidencial, pidi\u00f3 este lunes al presidente Andr\u00e9s Manuel L\u00f3pez Obrador avanzar hacia las energ\u00edas limpias. El panista dijo en su video semanal que ser\u00eda mejor que M\u00e9xico debe extraer petr\u00f3leo y aprovechar los precios para venderlo, y con ello avanzar en la&nbsp;transici\u00f3n de las energ\u00edas limpias. Y afirm\u00f3 en su publicaci\u00f3n [&hellip;]<\/p>\n","protected":false},"author":35,"featured_media":20035,"comment_status":"open","ping_status":"open","sticky":false,"template":"","format":"standard","meta":{"_monsterinsights_skip_tracking":false,"_monsterinsights_sitenote_active":false,"_monsterinsights_sitenote_note":"","_monsterinsights_sitenote_category":0,"footnotes":""},"categories":[158],"tags":[188,2240,16207,509],"class_list":["post-60583","post","type-post","status-publish","format-standard","has-post-thumbnail","hentry","category-politica","tag-amlo","tag-mentiroso","tag-necio","tag-ricardo-anaya","wp-image-borders"],"amp_enabled":true,"_links":{"self":[{"href":"https:\/\/nvnoticias.mx\/index.php\/wp-json\/wp\/v2\/posts\/60583","targetHints":{"allow":["GET"]}}],"collection":[{"href":"https:\/\/nvnoticias.mx\/index.php\/wp-json\/wp\/v2\/posts"}],"about":[{"href":"https:\/\/nvnoticias.mx\/index.php\/wp-json\/wp\/v2\/types\/post"}],"author":[{"embeddable":true,"href":"https:\/\/nvnoticias.mx\/index.php\/wp-json\/wp\/v2\/users\/35"}],"replies":[{"embeddable":true,"href":"https:\/\/nvnoticias.mx\/index.php\/wp-json\/wp\/v2\/comments?post=60583"}],"version-history":[{"count":4,"href":"https:\/\/nvnoticias.mx\/index.php\/wp-json\/wp\/v2\/posts\/60583\/revisions"}],"predecessor-version":[{"id":60587,"href":"https:\/\/nvnoticias.mx\/index.php\/wp-json\/wp\/v2\/posts\/60583\/revisions\/60587"}],"wp:featuredmedia":[{"embeddable":true,"href":"https:\/\/nvnoticias.mx\/index.php\/wp-json\/wp\/v2\/media\/20035"}],"wp:attachment":[{"href":"https:\/\/nvnoticias.mx\/index.php\/wp-json\/wp\/v2\/media?parent=60583"}],"wp:term":[{"taxonomy":"category","embeddable":true,"href":"https:\/\/nvnoticias.mx\/index.php\/wp-json\/wp\/v2\/categories?post=60583"},{"taxonomy":"post_tag","embeddable":true,"href":"https:\/\/nvnoticias.mx\/index.php\/wp-json\/wp\/v2\/tags?post=60583"}],"curies":[{"name":"wp","href":"https:\/\/api.w.org\/{rel}","templated":true}]}}