{"id":6054,"date":"2021-02-27T21:15:31","date_gmt":"2021-02-28T03:15:31","guid":{"rendered":"https:\/\/nvnoticias.mx\/?p=6054"},"modified":"2021-02-27T21:16:34","modified_gmt":"2021-02-28T03:16:34","slug":"fortalece-imss-estrategias-de-tratamientos-de-pacientes-con-cancer","status":"publish","type":"post","link":"https:\/\/nvnoticias.mx\/index.php\/2021\/02\/27\/fortalece-imss-estrategias-de-tratamientos-de-pacientes-con-cancer\/","title":{"rendered":"Fortalece IMSS estrategias de seguimiento en tratamientos de pacientes pedi\u00e1tricos con c\u00e1ncer"},"content":{"rendered":"\n<p>Autoridades del Instituto Mexicano del Seguro Social (IMSS) sostuvieron su vig\u00e9sima cuarta reuni\u00f3n con representantes de madres y padres de pacientes pedi\u00e1tricos oncol\u00f3gicos, donde se trabaj\u00f3 de manera integral para fortalecer las estrategias que dan seguimiento al tratamiento de los menores atendidos en el Seguro Social.<\/p>\n\n\n\n<p>Mediante reuni\u00f3n virtual, se realiz\u00f3 una evaluaci\u00f3n general del abastecimiento de medicamentos oncol\u00f3gicos, avances en la capacitaci\u00f3n del personal m\u00e9dico y de enfermer\u00eda para incrementar el registro de pacientes pedi\u00e1tricos en la plataforma digital, as\u00ed como la importancia de contar con Centros de Referencia Estatal para la Atenci\u00f3n del Ni\u00f1o y de la Ni\u00f1a con C\u00e1ncer (ONCOCREAN) en todas las entidades del pa\u00eds.<\/p>\n\n\n\n<p>En cuanto a la revisi\u00f3n semanal del abasto general de medicamentos, Humberto Pedrero Moreno, director de Administraci\u00f3n del IMSS, inform\u00f3 que se mantiene estable con 763 mil 257 claves oncol\u00f3gicas, tanto en centros de mezclas propias del Seguro Social como en SAFE.<\/p>\n\n\n\n<p>En otro orden de ideas, \u00d3scar Reyes Miguel, coordinador de Servicios Digitales y de Informaci\u00f3n para la Salud y Administrativos, present\u00f3 los avances en materia de la plataforma de registro de pacientes pedi\u00e1tricos, donde precis\u00f3 que los d\u00edas 22 y 23 de febrero se realiz\u00f3 la capacitaci\u00f3n a personal del Hospital General Regional (HGR) No. 1 de Culiac\u00e1n, Sinaloa.<\/p>\n\n\n\n<p>Lo anterior, dijo, con la finalidad de que \u201cm\u00e9dicos y enfermeras puedan adoptar el sistema de la aplicaci\u00f3n de paciente oncol\u00f3gicos, y que con ello podamos seguir trabajando en el proceso de adopci\u00f3n de la tecnolog\u00eda y para que tambi\u00e9n el registro de los pacientes quede guardado en la Plataforma\u201d.<\/p>\n\n\n\n<p>Reyes Miguel abund\u00f3 que esta estrategia permitir\u00e1 tener mayor visibilidad y seguimiento de los procesos de atenci\u00f3n. A\u00f1adi\u00f3 que las Unidades M\u00e9dicas de Alta Especialidad (UMAE) del IMSS ya est\u00e1n cubiertas en capacitaci\u00f3n y se trabaja en las unidades de segundo nivel.<\/p>\n\n\n\n<p>Por su parte, del doctor Enrique L\u00f3pez Aguilar, coordinador Nacional de Oncolog\u00eda, record\u00f3 que durante su visita al ONCOCREAN en M\u00e9rida, Yucat\u00e1n,&nbsp; constat\u00f3 el estado actual de la atenci\u00f3n de los ni\u00f1os con c\u00e1ncer en la regi\u00f3n, que da contenci\u00f3n a Campeche y Quintana Roo; as\u00ed como conocer su problem\u00e1tica por la cual llegan los pacientes en etapas tan avanzadas de su enfermedad a la UMAE \u201cIgnacio Garc\u00eda T\u00e9llez\u201d.<\/p>\n\n\n\n<p>Explic\u00f3 que est\u00e1s unidades tienen el objetivo de ofrecer al ni\u00f1o con c\u00e1ncer derechohabiente del IMSS una atenci\u00f3n oportuna, integral y de calidad, con tratamientos especializados y de alta tecnolog\u00eda.<\/p>\n\n\n\n<p>Indic\u00f3 que tras la visita en la UMAE Hospital de Especialidades (HE) del Centro M\u00e9dico Nacional (CMN) \u201cIgnacio Garc\u00eda T\u00e9llez\u201d, se instruir\u00e1 al onc\u00f3logo o hemat\u00f3logo pediatra acudir a urgencias del HGR para dar la atenci\u00f3n y primeras indicaciones en atenci\u00f3n de estos menores con c\u00e1ncer.<\/p>\n\n\n\n<p>El doctor Enrique L\u00f3pez subray\u00f3 que debe implementarse un ONCOCREAN en Campeche y en Quintana Roo para dar atenci\u00f3n oportuna a los ni\u00f1os con c\u00e1ncer, diagnosticar oportunamente, atender complicaciones y tratar a los tipos de c\u00e1ncer con menor complejidad.<\/p>\n\n\n\n<p>Los acuerdos realizados en esta reuni\u00f3n fueron: evaluaci\u00f3n del doctor Guillermo Careaga Reyna, director del HG del CMN La Raza, para organizar el turno de los menores que no toman la sedaci\u00f3n y ajustar los horarios, se ver\u00e1 con la directora del HITO-Quer\u00e9taro el registro para trasplantes de pacientes pedi\u00e1tricos y seguimiento de casos espec\u00edficos. &nbsp;<\/p>\n\n\n\n<p>Por parte del IMSS estuvieronel doctorJuan Manuel Lira Romero, titular de la Unidad de Atenci\u00f3n M\u00e9dica; Carlos Enrique Garc\u00eda Romero, coordinador de Control de Abasto;Maestra Marcela Vel\u00e1zquez Bolio, coordinadora de Vinculaci\u00f3n con Organizaciones P\u00fablicas, Privadas y Sociales.<\/p>\n\n\n\n<p>Tambi\u00e9n el doctor Efra\u00edn Arizmendi Uribe, titular de la Coordinaci\u00f3n de las Unidades M\u00e9dicas de Alta Especialidad; y la doctora Roc\u00edo C\u00e1rdenas Navarrete, directora del Hospital de Pediatr\u00eda del CMN Siglo XXI. \u00a0 Por parte de los representantes de las madres y los padres de pacientes pedi\u00e1tricos oncol\u00f3gicos, las se\u00f1oras Dulce, Mariana, Jessica, Mary y Lidia; y el se\u00f1or Mario.<\/p>\n","protected":false},"excerpt":{"rendered":"<p>Autoridades del Instituto Mexicano del Seguro Social (IMSS) sostuvieron su vig\u00e9sima cuarta reuni\u00f3n con representantes de madres y padres de pacientes pedi\u00e1tricos oncol\u00f3gicos, donde se trabaj\u00f3 de manera integral para fortalecer las estrategias que dan seguimiento al tratamiento de los menores atendidos en el Seguro Social. Mediante reuni\u00f3n virtual, se realiz\u00f3 una evaluaci\u00f3n general del [&hellip;]<\/p>\n","protected":false},"author":7,"featured_media":6055,"comment_status":"open","ping_status":"open","sticky":false,"template":"","format":"standard","meta":{"_monsterinsights_skip_tracking":false,"_monsterinsights_sitenote_active":false,"_monsterinsights_sitenote_note":"","_monsterinsights_sitenote_category":0,"footnotes":""},"categories":[154],"tags":[797,365,1687],"class_list":["post-6054","post","type-post","status-publish","format-standard","has-post-thumbnail","hentry","category-veracruz","tag-cancer","tag-imss","tag-imss-veracruz-norte","wp-image-borders"],"amp_enabled":true,"_links":{"self":[{"href":"https:\/\/nvnoticias.mx\/index.php\/wp-json\/wp\/v2\/posts\/6054","targetHints":{"allow":["GET"]}}],"collection":[{"href":"https:\/\/nvnoticias.mx\/index.php\/wp-json\/wp\/v2\/posts"}],"about":[{"href":"https:\/\/nvnoticias.mx\/index.php\/wp-json\/wp\/v2\/types\/post"}],"author":[{"embeddable":true,"href":"https:\/\/nvnoticias.mx\/index.php\/wp-json\/wp\/v2\/users\/7"}],"replies":[{"embeddable":true,"href":"https:\/\/nvnoticias.mx\/index.php\/wp-json\/wp\/v2\/comments?post=6054"}],"version-history":[{"count":1,"href":"https:\/\/nvnoticias.mx\/index.php\/wp-json\/wp\/v2\/posts\/6054\/revisions"}],"predecessor-version":[{"id":6056,"href":"https:\/\/nvnoticias.mx\/index.php\/wp-json\/wp\/v2\/posts\/6054\/revisions\/6056"}],"wp:featuredmedia":[{"embeddable":true,"href":"https:\/\/nvnoticias.mx\/index.php\/wp-json\/wp\/v2\/media\/6055"}],"wp:attachment":[{"href":"https:\/\/nvnoticias.mx\/index.php\/wp-json\/wp\/v2\/media?parent=6054"}],"wp:term":[{"taxonomy":"category","embeddable":true,"href":"https:\/\/nvnoticias.mx\/index.php\/wp-json\/wp\/v2\/categories?post=6054"},{"taxonomy":"post_tag","embeddable":true,"href":"https:\/\/nvnoticias.mx\/index.php\/wp-json\/wp\/v2\/tags?post=6054"}],"curies":[{"name":"wp","href":"https:\/\/api.w.org\/{rel}","templated":true}]}}