{"id":60377,"date":"2022-06-18T09:51:15","date_gmt":"2022-06-18T14:51:15","guid":{"rendered":"https:\/\/nvnoticias.mx\/?p=60377"},"modified":"2022-06-18T09:52:43","modified_gmt":"2022-06-18T14:52:43","slug":"quien-este-libre-de-culpa","status":"publish","type":"post","link":"https:\/\/nvnoticias.mx\/index.php\/2022\/06\/18\/quien-este-libre-de-culpa\/","title":{"rendered":"Quien est\u00e9 libre de culpa\u2026"},"content":{"rendered":"\n<p><strong>Ricardo Homs<\/strong><\/p>\n\n\n\n<p>\u201cQuien est\u00e9 libre de culpa\u2026 que tire la primera piedra\u201d, dicen los evangelios respecto al relato de la mujer ad\u00faltera. La Biblia narra que, -ante esta frase de Jes\u00fas-, todos los acusadores se retiraron, dejando sola a la acusada, en reconocimiento a no tener la conciencia totalmente limpia como para juzgar a la pecadora.<\/p>\n\n\n\n<p>En contraste, si hoy aplic\u00e1semos esta analog\u00eda para describir lo que est\u00e1 sucediendo en contra de\u00a0Alejandro Moreno, -presidente del PRI-, vemos que con cinismo los acusadores, -gobierno y dirigentes de MORENA-, no resistir\u00edan una investigaci\u00f3n patrimonial en su contra, pues la pol\u00edtica en M\u00e9xico est\u00e1 llena de abusos, aunque unos hayan cometido m\u00e1s y otros menos.<\/p>\n\n\n\n<p>Sin embargo, los acusadores, -envalentonados por el poder-, hacen linchamiento con rudeza s\u00e1dica, como si ellos estuviesen libres de culpa.<\/p>\n\n\n\n<p>Muy pocos pol\u00edticos que hoy son protagonistas de la vida p\u00fablica de M\u00e9xico se salvan de se\u00f1alamientos acumulados a lo largo de su trayectoria pol\u00edtica y, sin embargo, no tienen empacho en se\u00f1alar y acusar a Alito por corrupci\u00f3n.<\/p>\n\n\n\n<p>Sin pretender absolver a\u00a0Moreno C\u00e1rdenas\u00a0respecto de las acusaciones que enfrenta, -pues es justo que afronte sus responsabilidades ante la ley -, lo que s\u00ed es evidente es que esta denuncia no est\u00e1 motivada, -en lo m\u00e1s m\u00ednimo-, por el esp\u00edritu \u00e9tico que debe sustentar la impartici\u00f3n de justicia, sino que es un acto de represi\u00f3n gubernamental ejercida en contra de los opositores.<\/p>\n\n\n\n<p>Representa una intimidaci\u00f3n abierta dirigida a todos los dem\u00e1s dirigentes partidistas que se opongan a los deseos presidenciales, o no acepten colaborar con \u00e9l. Es una campa\u00f1a de terrorismo pol\u00edtico que no s\u00f3lo denigra a nuestra democracia, sino que la pone en riesgo.<\/p>\n\n\n\n<p>El gobierno de la 4T no s\u00f3lo quiere exhibir al presidente del PRI, sino fincarle cargos que ameritan prisi\u00f3n, con lo cual pretenden nulificarlo de facto, quit\u00e1ndolo de enfrente.<\/p>\n\n\n\n<p>A su vez, con esta estrategia se pretende ahondar el conflicto interno del PRI. Se busca enfrentar a los militantes de este partido entre s\u00ed. Unos estar\u00edan asumiendo la defensa de su l\u00edder y otros, -en contraposici\u00f3n-, exigiendo su renuncia.<\/p>\n\n\n\n<p>Este conflicto interno exhibe al PRI de cara a la opini\u00f3n p\u00fablica y lo desgasta. Sin embargo, quienes estimulan esta pugna desde el partido del gobierno pretenden que antes de la debacle los pri\u00edstas no comprometidos con su partido emigren a\u00a0MORENA\u00a0en busca de protecci\u00f3n, principalmente los que tienen un pasado opaco y cuestionable, as\u00ed como los oportunistas.<\/p>\n\n\n\n<p>Esto no es nuevo, pues el presidente\u00a0Pe\u00f1a Nieto\u00a0manipul\u00f3 a la justicia para nulificar como candidato a Ricardo Anaya, sin poder acredit\u00e1rsele las imputaciones de corrupci\u00f3n. Sin embargo, el da\u00f1o fue irreversible: qued\u00f3 fuera de la contienda electoral y su imagen p\u00fablica qued\u00f3 manchada con la sombra de la corrupci\u00f3n, aunque fuera exonerado de los cargos en su contra.<\/p>\n\n\n\n<p>La postura actual de los expresidentes del PRI que exigen la renuncia de Moreno C\u00e1rdenas apoya la estrategia de los adversarios del partido.<\/p>\n\n\n\n<p>Determinar si Alejandro Moreno es culpable de las acusaciones, es una atribuci\u00f3n y responsabilidad de las autoridades judiciales. Sin embargo, que a partir de un juicio medi\u00e1tico y manipulado vaya sobre \u00e9l todo el peso de la justicia y en contraste a los cercanos al presidente se le diluyan los cargos, es lo cuestionable y \u00e9ticamente reprobable.<\/p>\n\n\n\n<p>Esto significa la utilizaci\u00f3n de la justicia para un beneficio pol\u00edtico, lo cual es ajeno al principio universal de imparcialidad en la aplicaci\u00f3n de la ley.<\/p>\n\n\n\n<p>Definitivamente, independientemente de que en privado los correligionarios pri\u00edstas de Alejandro Moreno lo sancionen, p\u00fablicamente debiesen arroparlo, -no absolvi\u00e9ndolo para protegerlo-, sino blindando a su partido y a toda nuestra democracia.<\/p>\n\n\n\n<p>La narrativa presidencial del combate a la corrupci\u00f3n hoy est\u00e1 hueca y ni con buena voluntad, -o ingenuidad-, es cre\u00edble. Sin embargo, representa la oportunidad de ejercer manipulaci\u00f3n jur\u00eddica para doblegar a sus adversarios.<\/p>\n\n\n\n<p>En la opini\u00f3n p\u00fablica, -as\u00ed como en la prensa-, ya existe un veredicto en contra de Moreno C\u00e1rdenas y la convicci\u00f3n de que el PRI debe desaparecer. Sin embargo, se pasa por alto que la interpretaci\u00f3n moral y \u00e9tica de los actos atribuidos a Alejandro Moreno, -que sin duda son graves-, se ensucia por la forma en que los impartidores de justicia hoy est\u00e1n utilizando la ley para lograr fines ajenos al principio moral que debe pretender la justicia.<\/p>\n\n\n\n<p>Incluso podemos aventurar la sospecha de si los gobernadores de partidos de oposici\u00f3n, -PRI\u00a0y PAN-, que han sido relevados del cargo por candidatos de MORENA durante las elecciones del 2021 y 2022 en su momento no recibieron la amenaza de \u201cpremio o castigo\u201d, consistente en facilitar el triunfo del candidato del partido del presidente L\u00f3pez Obrador, o enfrentar una carpeta de investigaci\u00f3n en su contra.<\/p>\n\n\n\n<p>Los premios a los bien portados durante la elecci\u00f3n del 2021, ya est\u00e1n redimidos y a la vista. Mientras tanto, las promesas a los gobernadores opositores, -perdedores de la elecci\u00f3n 2022-, tambi\u00e9n han sido reconocidas por el presidente en una ma\u00f1anera.<\/p>\n\n\n\n<p>\u00bfEsta es la nueva democracia?&#8230; seguramente estilo 4T: premio o castigo.<\/p>\n\n\n\n<p>Si en gobiernos anteriores la justicia estaba ausente para proteger al ciudadano, actualmente est\u00e1 peor, porque de todos modos sigue estando fuera del alcance del ciudadano \u201cde a pie\u201d. Hoy m\u00e1s que nunca se ha convertido en instrumento de control para dominar a los adversarios pol\u00edticos del actual gobierno.<\/p>\n\n\n\n<p>No defender este principio b\u00e1sico de la imparcialidad en la aplicaci\u00f3n de la ley puede tener graves repercusiones pol\u00edticas para el futuro de M\u00e9xico, pues abrir\u00eda el camino para que se perpetue una nueva dictadura de partido.<\/p>\n\n\n\n<p>MORENA se est\u00e1 convirtiendo en la reencarnaci\u00f3n del viejo PRI autoritario del siglo XX.<\/p>\n\n\n\n<p>Definitivamente, la \u00fanica forma de poner un contrapeso a esta nueva visi\u00f3n democr\u00e1tica de la 4T es fortalecer el \u201cfuero constitucional\u201d de los legisladores y tambi\u00e9n ampliar su protecci\u00f3n a los cargos del poder ejecutivo, -tanto federal como estatal-, que puedan ser sujetos a presiones por parte de una autoridad superior.<\/p>\n\n\n\n<p>Esta protecci\u00f3n constitucional se debe ampliar tambi\u00e9n a consejeros del\u00a0INE, el TRIFE, INAI, CNDH e instituciones que se puedan enfrentar a controversias electorales o legislativas, -de modo tal que-, exceptuando delitos graves del C\u00f3digo Penal, las faltas administrativas como enriquecimiento il\u00edcito, delitos fiscales o acciones equivalentes a corrupci\u00f3n, sean protegidas a trav\u00e9s de la inmunidad del fuero constitucional, ampliando de modo temporal la vigencia de esta inmunidad hasta la terminaci\u00f3n del periodo sexenal del presidente de la rep\u00fablica, evitando de este modo venganzas y vendettas cuando el beneficiario del fuero concluya su encargo y lo pierda.<\/p>\n\n\n\n<p>Incluso los \u201cjuicios de declaraci\u00f3n de procedencia\u201d, -realizados para retirar el fuero constitucional en casos graves, as\u00ed como los \u201cjuicios pol\u00edticos\u201d-, no puedan ser realizados dentro del Poder Legislativo, -que es vulnerable a las presiones pol\u00edticas-, sino en el seno de la SCJN.<\/p>\n\n\n\n<p>En la Gaceta del Senado, -publicada el martes 27 de noviembre del 2018-, destaca un p\u00e1rrafo que describe: \u201cel fuero constitucional, estrictamente hablando, consiste en la protecci\u00f3n que tienen los legisladores por las opiniones y votaciones que emiten durante el desempe\u00f1o de su cargo. Sin embargo, la Carta Magna en la redacci\u00f3n actual del ar\u00e1bigo 61 solo obliga a que diputados y senadores no sean reconvenidos por las opiniones que emiten\u201d.<\/p>\n\n\n\n<p>Lo anterior significa que el fuero que es descrito en el Art\u00edculo 111 Constitucional, \u201cque tiene como efecto jur\u00eddico impedir el procesamiento penal de dichos servidores si no hay autorizaci\u00f3n de la C\u00e1mara de Diputados\u201d, ha sido debilitado o malinterpretado, e incluso carece de fuerza, pues ya no menciona votaciones parlamentarias, mismas que MORENA quiso castigar respecto a los legisladores de otros partidos que votaron en contra de la denominada \u201cley el\u00e9ctrica\u201d, propuesta por el presidente L\u00f3pez Obrador.<\/p>\n\n\n\n<p>Pretendieron catalogar esa votaci\u00f3n contraria como \u201ctraici\u00f3n a la patria\u201d, para exigir un castigo ejemplar en contra de los legisladores. Para ello los sometieron primero al escarnio p\u00fablico.<\/p>\n\n\n\n<p>Podr\u00edamos resumir que ante el contexto actual de persecuciones y amenazas hacia los tomadores de decisiones en el Congreso, el Poder Ejecutivo e incluso organismos reguladores aut\u00f3nomos, se vuelve fundamental rescatar el esp\u00edritu original del Art\u00edculo 111 Constitucional, pero adem\u00e1s, fortalecerlo, perfeccionarlo y hacerlo extensivo a cargos de la administraci\u00f3n p\u00fablica inexistentes cuando este art\u00edculo fue redactado originalmente.<\/p>\n\n\n\n<p>De no blindar con fuero constitucional, -fuerte y poderoso a los tomadores de decisiones-, las instituciones de M\u00e9xico corren el riesgo de quedar vulnerables frente a conductas autoritarias del Poder Ejecutivo.<\/p>\n\n\n\n<p>NAAS\u00d3N Y EL PODER EN LA TIERRA COMO EN EL CIELO<\/p>\n\n\n\n<p>Hay varios tipos de poder. El m\u00e1s com\u00fan se ejerce sustentado en la autoridad del Estado, el cual hoy tiene l\u00edmites constitucionales.<\/p>\n\n\n\n<p>Tambi\u00e9n existe el poder ejercido desde el \u00e1mbito marginal, -provocando terror-, como lo hace la delincuencia organizada utilizando el terrorismo.<\/p>\n\n\n\n<p>Pero el m\u00e1s letal es el que se ejerce con los pies en la tierra, pero manipulando la conciencia y el esp\u00edritu, pues se convierte en un poder absoluto.<\/p>\n\n\n\n<p>El poder que se ejerce a partir de la religi\u00f3n es total, pues involucra no solo el control de la voluntad, sino tambi\u00e9n el sistema de valores morales y con ello, la conciencia y el control emocional pasan al manipulador.<\/p>\n\n\n\n<p>Apenas en marzo del 2018 deton\u00f3 el esc\u00e1ndalo de la detenci\u00f3n de Keith Raniere, -el fundador de la secta NXVIM-, que concluy\u00f3 con el juicio realizado en Estados Unidos y la imposici\u00f3n de una pena de 120 a\u00f1os de c\u00e1rcel para este depredador sexual.<br>Luego, en junio del 2019 fue detenido en Estados Unidos Naas\u00f3n Joaqu\u00edn Garc\u00eda, l\u00edder de la Iglesia La Luz del Mundo, fundada hace casi cien a\u00f1os por el abuelo de \u00e9ste.<\/p>\n\n\n\n<p>Naas\u00f3n fue acusado en Estados Unidos por abuso sexual de menores de edad, detenido y enjuiciado. Se le sentenci\u00f3 a 16 a\u00f1os de c\u00e1rcel.<\/p>\n\n\n\n<p>Ambos procesos penales se desarrollaron en Estados Unidos, no obstante que estos delitos se hubiesen cometido en M\u00e9xico.<\/p>\n\n\n\n<p>El caso de Keith Raniere es oportuno tenerlo presente por los protagonistas mexicanos que se vieron involucrados en la red de explotaci\u00f3n sexual operada dentro de esta secta, todos de familia con renombre pol\u00edtico y empresarial en M\u00e9xico.<\/p>\n\n\n\n<p>Por su parte, Naas\u00f3n contaba con la protecci\u00f3n de prominentes pol\u00edticos de la actual administraci\u00f3n y de las pasadas. Muy recordado a\u00fan el homenaje que se organiz\u00f3 en su honor en el Palacio de Bellas Artes de la Ciudad de M\u00e9xico, con la asistencia de grandes personalidades de la pol\u00edtica.<\/p>\n\n\n\n<p>La pregunta que debe preocuparnos es: Si Keith Raniere y Naas\u00f3n Joaqu\u00edn no hubiesen sido detenidos en Estados Unidos y juzgados all\u00e1, \u00bfsus v\u00edctimas mexicanas hubiesen tenido acceso a la justicia? Seguramente no.<\/p>\n\n\n\n<p>Lo mismo ha sucedido con Garc\u00eda Luna, quien tuvo que ser detenido y enjuiciado en Estados Unidos para que sus v\u00edctimas tuviesen justicia y los mexicanos descubri\u00e9semos la cloaca que ha sido tolerada y encubierta en el combate a la delincuencia organizada.<\/p>\n\n\n\n<p>Sin embargo, el 23 de septiembre del 2021 un tribunal orden\u00f3 a la FGR, -por instrucciones de la magistrada Selina Avante, del Tercer Tribunal Colegiado de Quintana Roo-, que se desistiera de la alerta roja girada a la Interpol para capturar a Kamel Nacif, acusado de pederastia por Lydia Cacho, quien desde 2005 realiz\u00f3 una larga investigaci\u00f3n de muchos a\u00f1os para desactivar una red de ped\u00f3fila, o sea abuso sexual infantil.<\/p>\n\n\n\n<p>Nacif se encontraba desde hace varios a\u00f1os pr\u00f3fugo de la justicia mexicana y viviendo en L\u00edbano, hasta que recientemente en 2021 fue exonerado de los cargos<\/p>\n\n\n\n<p>La magistrada Elba S\u00e1nchez Pozos, -quien originalmente llevaba el caso para capturar a Nacif-, no s\u00f3lo fue relevada del caso para nombrar en su lugar a la magistrada Selina Avante, -quien de inmediato liber\u00f3 a Nacif-, sino que ha sido castigada por la Judicatura por denunciar corrupci\u00f3n en el Poder Judicial.<\/p>\n\n\n\n<p>M\u00e9xico est\u00e1 sumido en la impunidad porque la justicia en nuestro pa\u00eds est\u00e1 totalmente ocupada en perseguir opositores pol\u00edticos y saldar venganzas personales.<\/p>\n\n\n\n<p>\u00bfA usted qu\u00e9 le parece? <\/p>\n\n\n\n<p><em>Facebook: @Ricardo.Homs1<br>Twitter: @homsricardo<br>Linkedin: Ricardo Homs<br><a href=\"http:\/\/www.ricardohoms.com\/\">www.ricardohoms.com<\/a><\/em><\/p>\n","protected":false},"excerpt":{"rendered":"<p>Ricardo Homs \u201cQuien est\u00e9 libre de culpa\u2026 que tire la primera piedra\u201d, dicen los evangelios respecto al relato de la mujer ad\u00faltera. La Biblia narra que, -ante esta frase de Jes\u00fas-, todos los acusadores se retiraron, dejando sola a la acusada, en reconocimiento a no tener la conciencia totalmente limpia como para juzgar a la [&hellip;]<\/p>\n","protected":false},"author":18,"featured_media":60378,"comment_status":"open","ping_status":"open","sticky":false,"template":"","format":"standard","meta":{"_monsterinsights_skip_tracking":false,"_monsterinsights_sitenote_active":false,"_monsterinsights_sitenote_note":"","_monsterinsights_sitenote_category":0,"footnotes":""},"categories":[246],"tags":[173],"class_list":["post-60377","post","type-post","status-publish","format-standard","has-post-thumbnail","hentry","category-ricardo-homs","tag-ricardo-homs","wp-image-borders"],"amp_enabled":true,"_links":{"self":[{"href":"https:\/\/nvnoticias.mx\/index.php\/wp-json\/wp\/v2\/posts\/60377","targetHints":{"allow":["GET"]}}],"collection":[{"href":"https:\/\/nvnoticias.mx\/index.php\/wp-json\/wp\/v2\/posts"}],"about":[{"href":"https:\/\/nvnoticias.mx\/index.php\/wp-json\/wp\/v2\/types\/post"}],"author":[{"embeddable":true,"href":"https:\/\/nvnoticias.mx\/index.php\/wp-json\/wp\/v2\/users\/18"}],"replies":[{"embeddable":true,"href":"https:\/\/nvnoticias.mx\/index.php\/wp-json\/wp\/v2\/comments?post=60377"}],"version-history":[{"count":2,"href":"https:\/\/nvnoticias.mx\/index.php\/wp-json\/wp\/v2\/posts\/60377\/revisions"}],"predecessor-version":[{"id":60381,"href":"https:\/\/nvnoticias.mx\/index.php\/wp-json\/wp\/v2\/posts\/60377\/revisions\/60381"}],"wp:featuredmedia":[{"embeddable":true,"href":"https:\/\/nvnoticias.mx\/index.php\/wp-json\/wp\/v2\/media\/60378"}],"wp:attachment":[{"href":"https:\/\/nvnoticias.mx\/index.php\/wp-json\/wp\/v2\/media?parent=60377"}],"wp:term":[{"taxonomy":"category","embeddable":true,"href":"https:\/\/nvnoticias.mx\/index.php\/wp-json\/wp\/v2\/categories?post=60377"},{"taxonomy":"post_tag","embeddable":true,"href":"https:\/\/nvnoticias.mx\/index.php\/wp-json\/wp\/v2\/tags?post=60377"}],"curies":[{"name":"wp","href":"https:\/\/api.w.org\/{rel}","templated":true}]}}