{"id":60374,"date":"2022-06-18T09:44:30","date_gmt":"2022-06-18T14:44:30","guid":{"rendered":"https:\/\/nvnoticias.mx\/?p=60374"},"modified":"2022-06-18T09:44:31","modified_gmt":"2022-06-18T14:44:31","slug":"guillermo-del-toro-dijo-que-lo-mejor-en-pinocho-fue-vincularse-con-animadores-tapatios","status":"publish","type":"post","link":"https:\/\/nvnoticias.mx\/index.php\/2022\/06\/18\/guillermo-del-toro-dijo-que-lo-mejor-en-pinocho-fue-vincularse-con-animadores-tapatios\/","title":{"rendered":"Guillermo del Toro dijo que lo mejor en \u2018Pinocho\u2019 fue vincularse con animadores tapat\u00edos"},"content":{"rendered":"\n<p>&#8220;Pinocho qued\u00f3 super bien. Lo que se hizo en Guadalajara ser\u00e1 una cosa espl\u00e9ndida de mostrarle al mundo&#8221;, con esas palabras Guillermo del Toro finaliza la charla virtual que en d\u00edas pasados el director sostuvo con Estrella Araiza, directora del Festival Internacional de Cine de Guadalajara (FICG), que se pregrab\u00f3 y este viernes se transmiti\u00f3 hace algunas horas en la sala que lleva el nombre del destacado director jalisciense en la Cineteca FICG. <\/p>\n\n\n\n<p>Entre lo m\u00e1s novedoso de la conversaci\u00f3n Araiza devel\u00f3 que trabaj\u00f3 como supervisora de producci\u00f3n en un aparte del proceso creativo de Pinocho y que a partir del lunes se reactiva la convocatoria para la beca Jenkins -Del Toro. <\/p>\n\n\n\n<p>Con la muestra de algunas pocas fotograf\u00edas de los t\u00edteres que el propio Del Toro di\u00f3 a conocer hace algunos d\u00edas durante la charla Del toro mencion\u00f3 que la animaci\u00f3n fue su primer amor <\/p>\n\n\n\n<p>A partir de ah\u00ed Del Toro hizo un repaso de los inicios de la animaci\u00f3n y explic\u00f3 en cu\u00e1l de las corrientes de la animaci\u00f3n podemos situar el trabajo que se hizo en Pinocho. En un tono de marcado acento pedag\u00f3gico Del Toro record\u00f3 que la animaci\u00f3n &#8220;es una de las primeras t\u00e9cnicas que se crean cuando nace el cine y rindi\u00f3 un fruto muy profundo. Cuando viene King Kong, creo que es en 1933 cuando sale sale King Kong ya es un personaje completamente complejo de emociones, de acciones. King Kong es el momento cuando esta t\u00e9cnica viene a participar para contar historias de mayor tama\u00f1o, de mayor visi\u00f3n, etc\u00e9tera, etc\u00e9tera.\u00a0 <\/p>\n\n\n\n<p>Y luego podemos dar un brinco a Ray Harryhausen es uno de los grandes pioneros de esta t\u00e9cnica en pel\u00edculas de fantas\u00eda de gran vuelo, que admir\u00e9 yo much\u00edsimo, que tuve la fortuna de conocerlo en persona, de verlo varias veces, de hablar con \u00e9l. De ah\u00ed viene una ramificaci\u00f3n del Stopmotion, vienen animadores nuevos como David Allen, viene tambi\u00e9n una vertiente curiosa que es mi codirector Mark Gustafson ha participado la vertiente de Claymation que se dedic\u00f3 a la animaci\u00f3n de plastilina. Eso fue uno de los elementos que me atrajeron mucho a codirigir con \u00e9l&#8221;. <\/p>\n\n\n\n<figure class=\"wp-block-image is-resized\"><img loading=\"lazy\" decoding=\"async\" src=\"https:\/\/images.milenio.com\/ahCfk0rE2eWlquPxqfYNtA22US0=\/300x200\/uploads\/media\/2022\/06\/18\/revelan-adelanto-pinocho-guillermo-toro_0_34_1200_676.jpg\" alt=\"Revelan adelanto de Pinocho, de Guillermo del Toro (Captura).\" width=\"651\" height=\"434\"\/><\/figure>\n\n\n\n<p>Del Toro mencion\u00f3 que &#8220;la t\u00e9cnica es muy sencilla de explicar, muy dif\u00edcil de concebir, lo incre\u00edblemente dif\u00edcil que es, es decir en un movimiento complejo humano tenemos varios lectores: una mano, la otra, los hombros, aterrizo, tengo que vender gravedad, peso, y a nivel secundario, personalidad, todo eso se hace en Stopmotion cuadro por cuadro. Veinticuatro cuadros proyectados te dan un segundo de pel\u00edcula. Y para crear personalidad, para crear pensamiento, para animar, que quiere decir darles alma, \u00e1nima, a estos t\u00edteres, son sumamente complejos mec\u00e1nicamente, sus cabezas son robos en la lejan\u00eda que ajustas con un peque\u00f1o destornillador, pinzas y el animador es como un esp\u00eda de otro planeta que est\u00e1 mirando cada movimiento, cada accidente que tiene que recrear en la animaci\u00f3n. Es una t\u00e9cnica complicadis\u00edsima y en un momento como este, que es econ\u00f3micamente viable usar la animaci\u00f3n digital que atrae mucho a los p\u00fablicos j\u00f3venes, el stopmotion es una t\u00e9cnica dif\u00edcil, tardada, no f\u00e1cil de producir, muy compleja, por ejemplo, estamos filmando con veintitantos animadores en sesenta y tantos sets al mismo tiempo, es muy muy complicada y queremos mantenerla viva&#8221;. Es por eso que Del Toro afirma que para \u00e9l el stopmotion &#8220;es la forma m\u00e1s absolutamente completa en cine y de la animaci\u00f3n, en general&#8221;. <\/p>\n\n\n\n<p>Luego continu\u00f3: &#8220;Porque no est\u00e1s capturando, est\u00e1s recreando, est\u00e1s pintando una realidad que jam\u00e1s existi\u00f3. Cuando alguien exhala, cuando alguien les mueve el pelo, no hay pulmones es una m\u00e1quina, el pelo lo mueves t\u00fa, no hay viento, es hermos\u00edsimo&#8221;. <\/p>\n\n\n\n<p><strong>Vincular a las generaciones de animadores <\/strong><\/p>\n\n\n\n<p>Para Guillermo del Toro realizar Pinocho es materializar el v\u00ednculo entre las diversas generaciones de animadores tapat\u00edos. <\/p>\n\n\n\n<blockquote class=\"wp-block-quote is-layout-flow wp-block-quote-is-layout-flow\"><p>&#8220;<em>Lo m\u00e1s bonito es recoger la estafeta del v\u00ednculo entre Rigo Mora y yo y los nuevos animadores, de Guadalajara&#8230; Ya son dos generaciones. Guadalajara tiene el mejor talento en Latinoam\u00e9rica la animaci\u00f3n es un semillero de ideas importante para M\u00e9xico. De los siete animadores que nos preceden a Rigo Mora y a mi, les conozco a nivel personal. Algunos de ellos trabajaron en la pel\u00edcula y creo que tienen esta noci\u00f3n de la animaci\u00f3n a un nivel pl\u00e1stico de pintor, escultor, poeta. La manejan tan \u00edntimamente sin pensar en grandes estudios, en comercializaci\u00f3n, son poetas o cantantes. Son autores totales, esto es hermos\u00edsimo. Esto lo ves en Europa del este. En Guadalajara hay un elemento po\u00e9tico, tr\u00e1gico, hermoso, pl\u00e1stico que me parece fundamental y justamente tienen la paciencia para hacerlo<\/em>&#8220;, explic\u00f3. <\/p><\/blockquote>\n\n\n\n<figure class=\"wp-block-embed is-type-rich is-provider-twitter wp-block-embed-twitter\"><div class=\"wp-block-embed__wrapper\">\n<blockquote class=\"twitter-tweet\" data-width=\"550\" data-dnt=\"true\"><p lang=\"qme\" dir=\"ltr\"><a href=\"https:\/\/twitter.com\/estrellablue?ref_src=twsrc%5Etfw\">@estrellablue<\/a> <a href=\"https:\/\/twitter.com\/hashtag\/PinochoNetflix?src=hash&amp;ref_src=twsrc%5Etfw\">#PinochoNetflix<\/a> <a href=\"https:\/\/t.co\/KqeCfMkke5\">pic.twitter.com\/KqeCfMkke5<\/a><\/p>&mdash; FICG Oficial (@FICGoficial) <a href=\"https:\/\/twitter.com\/FICGoficial\/status\/1537895041972043776?ref_src=twsrc%5Etfw\">June 17, 2022<\/a><\/blockquote><script async src=\"https:\/\/platform.twitter.com\/widgets.js\" charset=\"utf-8\"><\/script>\n<\/div><\/figure>\n\n\n\n<p>Dijo que sus recuerdos del FICG se remontan a &#8220;la primera vez que lo fundamos un grupo de gente de cine y cr\u00edtica llevados por Jaime Humberto Hermosillo a creer que el festival podr\u00eda existir. Un festival que en aqu\u00e9l momento era contestatario, dif\u00edcil, muy a favor del cine independiente, hacer cine mexicano era un anatema y me acuerdo que el primer a\u00f1o yo fui tesorero, chofer, relacionista, boletero, encargado de llevar a los invitados a las tortas ahogadas pero ya tenemos m\u00e1s de tres d\u00e9cadas y ah\u00ed estamos.\u00a0 <\/p>\n\n\n\n<p>Eso siempre trae recuerdos en lo personal en Cronos, tengo el recuerdo que la persona encargada para seleccionar pel\u00edculas para Cannes hab\u00eda dicho que Cronos no iba y gracias al festival, de manera completa y accidental, una persona que ten\u00eda una secci\u00f3n importante en Cannes me dijo que le encantar\u00eda que viniera mi pel\u00edcula, eso me cambi\u00f3 la vida. Cuando gan\u00f3 Cronos el premio del sal\u00f3n de la cr\u00edtica creo que eran treinta y tantos a\u00f1os de que no hab\u00eda ganado una pel\u00edcula mexicana en Cannes despu\u00e9s de Bu\u00f1uel. Por lo menos los primeros a\u00f1os del festival est\u00e1n muy ligados al destino de mi carrera&#8221;. <\/p>\n\n\n\n<p>Fuente: <a href=\"https:\/\/www.milenio.com\/espectaculos\/cine\/guillermo-del-toro-habla-de-la-produccion-de-pinocho-en-guadalajara\">Milenio<\/a><\/p>\n","protected":false},"excerpt":{"rendered":"<p>&#8220;Pinocho qued\u00f3 super bien. Lo que se hizo en Guadalajara ser\u00e1 una cosa espl\u00e9ndida de mostrarle al mundo&#8221;, con esas palabras Guillermo del Toro finaliza la charla virtual que en d\u00edas pasados el director sostuvo con Estrella Araiza, directora del Festival Internacional de Cine de Guadalajara (FICG), que se pregrab\u00f3 y este viernes se transmiti\u00f3 [&hellip;]<\/p>\n","protected":false},"author":8,"featured_media":60375,"comment_status":"open","ping_status":"open","sticky":false,"template":"","format":"standard","meta":{"_monsterinsights_skip_tracking":false,"_monsterinsights_sitenote_active":false,"_monsterinsights_sitenote_note":"","_monsterinsights_sitenote_category":0,"footnotes":""},"categories":[576],"tags":[8767,9186],"class_list":["post-60374","post","type-post","status-publish","format-standard","has-post-thumbnail","hentry","category-ocio","tag-guillermo-del-toro","tag-pinocho","wp-image-borders"],"amp_enabled":true,"_links":{"self":[{"href":"https:\/\/nvnoticias.mx\/index.php\/wp-json\/wp\/v2\/posts\/60374","targetHints":{"allow":["GET"]}}],"collection":[{"href":"https:\/\/nvnoticias.mx\/index.php\/wp-json\/wp\/v2\/posts"}],"about":[{"href":"https:\/\/nvnoticias.mx\/index.php\/wp-json\/wp\/v2\/types\/post"}],"author":[{"embeddable":true,"href":"https:\/\/nvnoticias.mx\/index.php\/wp-json\/wp\/v2\/users\/8"}],"replies":[{"embeddable":true,"href":"https:\/\/nvnoticias.mx\/index.php\/wp-json\/wp\/v2\/comments?post=60374"}],"version-history":[{"count":1,"href":"https:\/\/nvnoticias.mx\/index.php\/wp-json\/wp\/v2\/posts\/60374\/revisions"}],"predecessor-version":[{"id":60376,"href":"https:\/\/nvnoticias.mx\/index.php\/wp-json\/wp\/v2\/posts\/60374\/revisions\/60376"}],"wp:featuredmedia":[{"embeddable":true,"href":"https:\/\/nvnoticias.mx\/index.php\/wp-json\/wp\/v2\/media\/60375"}],"wp:attachment":[{"href":"https:\/\/nvnoticias.mx\/index.php\/wp-json\/wp\/v2\/media?parent=60374"}],"wp:term":[{"taxonomy":"category","embeddable":true,"href":"https:\/\/nvnoticias.mx\/index.php\/wp-json\/wp\/v2\/categories?post=60374"},{"taxonomy":"post_tag","embeddable":true,"href":"https:\/\/nvnoticias.mx\/index.php\/wp-json\/wp\/v2\/tags?post=60374"}],"curies":[{"name":"wp","href":"https:\/\/api.w.org\/{rel}","templated":true}]}}