{"id":60348,"date":"2022-06-17T21:00:00","date_gmt":"2022-06-18T02:00:00","guid":{"rendered":"https:\/\/nvnoticias.mx\/?p=60348"},"modified":"2022-06-17T21:52:08","modified_gmt":"2022-06-18T02:52:08","slug":"vibra-la-imac-con-la-orquesta-municipal-de-xalapa","status":"publish","type":"post","link":"https:\/\/nvnoticias.mx\/index.php\/2022\/06\/17\/vibra-la-imac-con-la-orquesta-municipal-de-xalapa\/","title":{"rendered":"Vibra la IMAC con la Orquesta Municipal de Xalapa"},"content":{"rendered":"\n<p>Xalapa, Ver.- Como parte de las actividades culturales que ofrece el Ayuntamiento de Xalapa para todos los sectores de la sociedad, y en el marco de la celebraci\u00f3n del D\u00eda del Padre, este viernes la Orquesta Municipal de Xalapa ofreci\u00f3 el concierto \u201cDe la Sonora al Danz\u00f3n Sinf\u00f3nico\u201d.<\/p>\n\n\n\n<div class=\"wp-block-image\"><figure class=\"aligncenter size-large\"><img loading=\"lazy\" decoding=\"async\" width=\"1024\" height=\"683\" src=\"https:\/\/nvnoticias.mx\/wp-content\/uploads\/2022\/06\/WhatsApp-Image-2022-06-17-at-8.34.30-PM.jpeg\" alt=\"\" class=\"wp-image-60349\" srcset=\"https:\/\/nvnoticias.mx\/wp-content\/uploads\/2022\/06\/WhatsApp-Image-2022-06-17-at-8.34.30-PM.jpeg 1024w, https:\/\/nvnoticias.mx\/wp-content\/uploads\/2022\/06\/WhatsApp-Image-2022-06-17-at-8.34.30-PM-300x200.jpeg 300w, https:\/\/nvnoticias.mx\/wp-content\/uploads\/2022\/06\/WhatsApp-Image-2022-06-17-at-8.34.30-PM-768x512.jpeg 768w\" sizes=\"auto, (max-width: 1024px) 100vw, 1024px\" \/><\/figure><\/div>\n\n\n\n<p>Durante el evento desarrollado en el auditorio de la Iniciativa Municipal de Arte y Cultura (IMAC), la agrupaci\u00f3n dirigida por Cristian Texon interpret\u00f3 los danzones 2 y 7, de Arturo M\u00e1rquez; El mudo, de Tadeo Arredondo Villanueva; Perfume de gardenias, de Rafael Hern\u00e1ndez Mar\u00edn, y La boa, de Carlos Lico.<\/p>\n\n\n\n<p>Adem\u00e1s, destac\u00f3 la m\u00fasica de sonora, en la que confluyen distintos g\u00e9neros como tropical, bolero, chachach\u00e1, guaracha, rumba y cumbia merengue.<\/p>\n\n\n\n<div class=\"wp-block-image\"><figure class=\"aligncenter size-large\"><img loading=\"lazy\" decoding=\"async\" width=\"1024\" height=\"714\" src=\"https:\/\/nvnoticias.mx\/wp-content\/uploads\/2022\/06\/WhatsApp-Image-2022-06-17-at-8.34.29-PM-1-1024x714.jpeg\" alt=\"\" class=\"wp-image-60350\" srcset=\"https:\/\/nvnoticias.mx\/wp-content\/uploads\/2022\/06\/WhatsApp-Image-2022-06-17-at-8.34.29-PM-1-1024x714.jpeg 1024w, https:\/\/nvnoticias.mx\/wp-content\/uploads\/2022\/06\/WhatsApp-Image-2022-06-17-at-8.34.29-PM-1-300x209.jpeg 300w, https:\/\/nvnoticias.mx\/wp-content\/uploads\/2022\/06\/WhatsApp-Image-2022-06-17-at-8.34.29-PM-1-768x536.jpeg 768w, https:\/\/nvnoticias.mx\/wp-content\/uploads\/2022\/06\/WhatsApp-Image-2022-06-17-at-8.34.29-PM-1.jpeg 1424w\" sizes=\"auto, (max-width: 1024px) 100vw, 1024px\" \/><\/figure><\/div>\n","protected":false},"excerpt":{"rendered":"<p>Xalapa, Ver.- Como parte de las actividades culturales que ofrece el Ayuntamiento de Xalapa para todos los sectores de la sociedad, y en el marco de la celebraci\u00f3n del D\u00eda del Padre, este viernes la Orquesta Municipal de Xalapa ofreci\u00f3 el concierto \u201cDe la Sonora al Danz\u00f3n Sinf\u00f3nico\u201d. Durante el evento desarrollado en el auditorio [&hellip;]<\/p>\n","protected":false},"author":7,"featured_media":60351,"comment_status":"open","ping_status":"open","sticky":false,"template":"","format":"standard","meta":{"_monsterinsights_skip_tracking":false,"_monsterinsights_sitenote_active":false,"_monsterinsights_sitenote_note":"","_monsterinsights_sitenote_category":0,"footnotes":""},"categories":[156],"tags":[801,11617,14564,312],"class_list":["post-60348","post","type-post","status-publish","format-standard","has-post-thumbnail","hentry","category-estado","tag-concierto","tag-imac","tag-orquesta-municipal-de-xalapa","tag-xalapa","wp-image-borders"],"amp_enabled":true,"_links":{"self":[{"href":"https:\/\/nvnoticias.mx\/index.php\/wp-json\/wp\/v2\/posts\/60348","targetHints":{"allow":["GET"]}}],"collection":[{"href":"https:\/\/nvnoticias.mx\/index.php\/wp-json\/wp\/v2\/posts"}],"about":[{"href":"https:\/\/nvnoticias.mx\/index.php\/wp-json\/wp\/v2\/types\/post"}],"author":[{"embeddable":true,"href":"https:\/\/nvnoticias.mx\/index.php\/wp-json\/wp\/v2\/users\/7"}],"replies":[{"embeddable":true,"href":"https:\/\/nvnoticias.mx\/index.php\/wp-json\/wp\/v2\/comments?post=60348"}],"version-history":[{"count":1,"href":"https:\/\/nvnoticias.mx\/index.php\/wp-json\/wp\/v2\/posts\/60348\/revisions"}],"predecessor-version":[{"id":60352,"href":"https:\/\/nvnoticias.mx\/index.php\/wp-json\/wp\/v2\/posts\/60348\/revisions\/60352"}],"wp:featuredmedia":[{"embeddable":true,"href":"https:\/\/nvnoticias.mx\/index.php\/wp-json\/wp\/v2\/media\/60351"}],"wp:attachment":[{"href":"https:\/\/nvnoticias.mx\/index.php\/wp-json\/wp\/v2\/media?parent=60348"}],"wp:term":[{"taxonomy":"category","embeddable":true,"href":"https:\/\/nvnoticias.mx\/index.php\/wp-json\/wp\/v2\/categories?post=60348"},{"taxonomy":"post_tag","embeddable":true,"href":"https:\/\/nvnoticias.mx\/index.php\/wp-json\/wp\/v2\/tags?post=60348"}],"curies":[{"name":"wp","href":"https:\/\/api.w.org\/{rel}","templated":true}]}}