{"id":60320,"date":"2022-06-17T15:57:11","date_gmt":"2022-06-17T20:57:11","guid":{"rendered":"https:\/\/nvnoticias.mx\/?p=60320"},"modified":"2022-06-17T15:59:52","modified_gmt":"2022-06-17T20:59:52","slug":"conmemoran-el-56-aniversario-del-plan-de-auxilio-a-la-poblacion-civil","status":"publish","type":"post","link":"https:\/\/nvnoticias.mx\/index.php\/2022\/06\/17\/conmemoran-el-56-aniversario-del-plan-de-auxilio-a-la-poblacion-civil\/","title":{"rendered":"Conmemoran el 56 aniversario del Plan de Auxilio a la Poblaci\u00f3n Civil"},"content":{"rendered":"\n<p><strong>Jes\u00fas Utrilla | NV Noticias<\/strong><\/p>\n\n\n\n<p>La Secretar\u00eda de la Defensa Nacional a trav\u00e9s de la Comandancia del 83\/o. Batall\u00f3n de Infanter\u00eda, conmemor\u00f3 el 56 aniversario de la implementaci\u00f3n del &#8220;Plan de Auxilio a la Poblaci\u00f3n Civil&#8221;, mejor conocido como Plan DN-III-E en el pa\u00eds.<\/p>\n\n\n\n<p>Recordar que se trata de una de las misiones generales del Ej\u00e9rcito y Fuerza A\u00e9rea Mexicanos en apoyo a la poblaci\u00f3n afectada por desastres naturales o causados por el humano.<\/p>\n\n\n\n<p>Fue en 1966 cuando este plan se implement\u00f3 por primera vez ante el desbordamiento del r\u00edo P\u00e1nuco.<\/p>\n\n\n\n<p>Asimismo, es importante resaltar que la aplicaci\u00f3n del \u201cPLAN-DN-III-E\u201d, se realiza en coordinaci\u00f3n con las autoridades civiles en las fases de \u201cprevenci\u00f3n, auxilio y recuperaci\u00f3n\u201d.<\/p>\n\n\n\n<p>Entre las participaciones m\u00e1s destacadas que ha tenido son:<\/p>\n\n\n\n<p>1. El Terremoto de 1985 en la Cd. de M\u00e9xico.<br>2. Sismo en colima y Jalisco de 1995<br>3. Hurac\u00e1n Paulina de 1997.<br>4. Hurac\u00e1n Isis de 1998.<br>5. Fuertes lluvias en Chiapas en 1998.<br>6. Temporada de Incendios Forestales en 1998.<br>7. Fuertes lluvias en Oaxaca en 1999.<br>8. Sismo en Oaxaca en 1999.<\/p>\n","protected":false},"excerpt":{"rendered":"<p>Jes\u00fas Utrilla | NV Noticias La Secretar\u00eda de la Defensa Nacional a trav\u00e9s de la Comandancia del 83\/o. Batall\u00f3n de Infanter\u00eda, conmemor\u00f3 el 56 aniversario de la implementaci\u00f3n del &#8220;Plan de Auxilio a la Poblaci\u00f3n Civil&#8221;, mejor conocido como Plan DN-III-E en el pa\u00eds. Recordar que se trata de una de las misiones generales del [&hellip;]<\/p>\n","protected":false},"author":7,"featured_media":60321,"comment_status":"open","ping_status":"open","sticky":false,"template":"","format":"standard","meta":{"_monsterinsights_skip_tracking":false,"_monsterinsights_sitenote_active":false,"_monsterinsights_sitenote_note":"","_monsterinsights_sitenote_category":0,"footnotes":""},"categories":[154],"tags":[3044,16165,16164],"class_list":["post-60320","post","type-post","status-publish","format-standard","has-post-thumbnail","hentry","category-veracruz","tag-aniversario","tag-plan-de-auxilio","tag-poblacion-civil","wp-image-borders"],"amp_enabled":true,"_links":{"self":[{"href":"https:\/\/nvnoticias.mx\/index.php\/wp-json\/wp\/v2\/posts\/60320","targetHints":{"allow":["GET"]}}],"collection":[{"href":"https:\/\/nvnoticias.mx\/index.php\/wp-json\/wp\/v2\/posts"}],"about":[{"href":"https:\/\/nvnoticias.mx\/index.php\/wp-json\/wp\/v2\/types\/post"}],"author":[{"embeddable":true,"href":"https:\/\/nvnoticias.mx\/index.php\/wp-json\/wp\/v2\/users\/7"}],"replies":[{"embeddable":true,"href":"https:\/\/nvnoticias.mx\/index.php\/wp-json\/wp\/v2\/comments?post=60320"}],"version-history":[{"count":2,"href":"https:\/\/nvnoticias.mx\/index.php\/wp-json\/wp\/v2\/posts\/60320\/revisions"}],"predecessor-version":[{"id":60326,"href":"https:\/\/nvnoticias.mx\/index.php\/wp-json\/wp\/v2\/posts\/60320\/revisions\/60326"}],"wp:featuredmedia":[{"embeddable":true,"href":"https:\/\/nvnoticias.mx\/index.php\/wp-json\/wp\/v2\/media\/60321"}],"wp:attachment":[{"href":"https:\/\/nvnoticias.mx\/index.php\/wp-json\/wp\/v2\/media?parent=60320"}],"wp:term":[{"taxonomy":"category","embeddable":true,"href":"https:\/\/nvnoticias.mx\/index.php\/wp-json\/wp\/v2\/categories?post=60320"},{"taxonomy":"post_tag","embeddable":true,"href":"https:\/\/nvnoticias.mx\/index.php\/wp-json\/wp\/v2\/tags?post=60320"}],"curies":[{"name":"wp","href":"https:\/\/api.w.org\/{rel}","templated":true}]}}