{"id":60280,"date":"2022-06-17T13:07:02","date_gmt":"2022-06-17T18:07:02","guid":{"rendered":"https:\/\/nvnoticias.mx\/?p=60280"},"modified":"2022-06-17T13:07:03","modified_gmt":"2022-06-17T18:07:03","slug":"arbitro-salvadoreno-muere-tras-recibir-brutal-golpiza-en-pleno-partido","status":"publish","type":"post","link":"https:\/\/nvnoticias.mx\/index.php\/2022\/06\/17\/arbitro-salvadoreno-muere-tras-recibir-brutal-golpiza-en-pleno-partido\/","title":{"rendered":"\u00c1rbitro salvadore\u00f1o muere tras recibir brutal golpiza en pleno partido"},"content":{"rendered":"\n<p>Un \u00e1rbitro en\u00a0El Salvador\u00a0muri\u00f3 luego de haber recibido una golpiza en pleno partido de futbol.<\/p>\n\n\n\n<p>Se trata de\u00a0Jos\u00e9 Arnoldo Amaya,\u00a0quien fue atacado el fin de semana cuando dirig\u00eda un encuentro de liga no federada en una cancha de\u00a0San Salvador.<\/p>\n\n\n\n<p>Amaya primero fue atacado por un jugador al que le mostr\u00f3 una tarjeta y despu\u00e9s por m\u00e1s miembros del equipo y algunos seguidores, revelan algunos reportes.<\/p>\n\n\n\n<p>El \u00e1rbitro Jos\u00e9 Arnoldo, de 63 a\u00f1os, que pertenec\u00eda a la\u00a0Asociaci\u00f3n Nacional de \u00c1rbitros de Futbol\u00a0de El Salvador (AAFES), se\u00f1al\u00f3 la\u00a0Federaci\u00f3n de El Salvador, &#8220;fue brutalmente atacado&#8221; y luego fue trasladado a un hospital estatal donde &#8220;producto de las contundentes lesiones falleci\u00f3&#8221;.<\/p>\n\n\n\n<p>Amaya\u00a0contaba con una experiencia de 20 a\u00f1os, dirig\u00eda en torneos en barrios, colegios y en una liga de futbol aficionado en\u00a0San Salvador.<\/p>\n\n\n\n<figure class=\"wp-block-embed is-type-rich is-provider-twitter wp-block-embed-twitter\"><div class=\"wp-block-embed__wrapper\">\n<blockquote class=\"twitter-tweet\" data-width=\"550\" data-dnt=\"true\"><p lang=\"es\" dir=\"ltr\">\u271d\ufe0fl Sentido p\u00e9same a la Familia del \u00c1rbitro Arnoldo Amaya, que Dios le brinde resignaci\u00f3n y fortaleza a su apesarada familia.???????? <a href=\"https:\/\/t.co\/hlhfRaY2xz\">pic.twitter.com\/hlhfRaY2xz<\/a><\/p>&mdash; FESFUT (@fesfut_sv) <a href=\"https:\/\/twitter.com\/fesfut_sv\/status\/1536391354892398592?ref_src=twsrc%5Etfw\">June 13, 2022<\/a><\/blockquote><script async src=\"https:\/\/platform.twitter.com\/widgets.js\" charset=\"utf-8\"><\/script>\n<\/div><\/figure>\n\n\n\n<p>La Polic\u00eda de El Salvador inform\u00f3 este martes que detuvo a un pandillero acusado del homicidio de un \u00e1rbitro a quien golpe\u00f3 luego que le amonestara durante un encuentro de futbol de liga no federada.<\/p>\n\n\n\n<blockquote class=\"wp-block-quote is-layout-flow wp-block-quote-is-layout-flow\"><p>&#8220;J<em>uan Manuel Cruz Lorenzana fue capturado por el homicidio del \u00e1rbitro Jos\u00e9 Arnoldo Amaya&#8221;<\/em>, inform\u00f3 la Polic\u00eda Nacional Civil (PNC) en Twitter.<\/p><\/blockquote>\n\n\n\n<figure class=\"wp-block-embed is-type-rich is-provider-twitter wp-block-embed-twitter\"><div class=\"wp-block-embed__wrapper\">\n<blockquote class=\"twitter-tweet\" data-width=\"550\" data-dnt=\"true\"><p lang=\"es\" dir=\"ltr\">Se trata de Juan Manuel Cruz Lorenzana, miembro activo de la Pandilla Mao Mao con el rango de gatillero, responsable del homicidio del \u00e1rbitro Arnoldo Amaya. <br><br>M\u00e1s detalles \u27a1\ufe0f <a href=\"https:\/\/t.co\/6u4PavPzkS\">https:\/\/t.co\/6u4PavPzkS<\/a> <a href=\"https:\/\/t.co\/ZsqNxsV6Bq\">pic.twitter.com\/ZsqNxsV6Bq<\/a><\/p>&mdash; Ministerio de Seguridad (@SeguridadSV) <a href=\"https:\/\/twitter.com\/SeguridadSV\/status\/1536805274442469377?ref_src=twsrc%5Etfw\">June 14, 2022<\/a><\/blockquote><script async src=\"https:\/\/platform.twitter.com\/widgets.js\" charset=\"utf-8\"><\/script>\n<\/div><\/figure>\n\n\n\n<p>Fuente: <a href=\"https:\/\/www.eluniversal.com.mx\/universal-deportes\/futbol\/arbitro-murio-luego-de-recibir-una-brutal-golpiza-en-pleno-partido\">El Universal<\/a><\/p>\n","protected":false},"excerpt":{"rendered":"<p>Un \u00e1rbitro en\u00a0El Salvador\u00a0muri\u00f3 luego de haber recibido una golpiza en pleno partido de futbol. Se trata de\u00a0Jos\u00e9 Arnoldo Amaya,\u00a0quien fue atacado el fin de semana cuando dirig\u00eda un encuentro de liga no federada en una cancha de\u00a0San Salvador. Amaya primero fue atacado por un jugador al que le mostr\u00f3 una tarjeta y despu\u00e9s por [&hellip;]<\/p>\n","protected":false},"author":8,"featured_media":60282,"comment_status":"open","ping_status":"open","sticky":false,"template":"","format":"standard","meta":{"_monsterinsights_skip_tracking":false,"_monsterinsights_sitenote_active":false,"_monsterinsights_sitenote_note":"","_monsterinsights_sitenote_category":0,"footnotes":""},"categories":[156],"tags":[7007,685,4182],"class_list":["post-60280","post","type-post","status-publish","format-standard","has-post-thumbnail","hentry","category-estado","tag-arbitro","tag-el-salvador","tag-partido","wp-image-borders"],"amp_enabled":true,"_links":{"self":[{"href":"https:\/\/nvnoticias.mx\/index.php\/wp-json\/wp\/v2\/posts\/60280","targetHints":{"allow":["GET"]}}],"collection":[{"href":"https:\/\/nvnoticias.mx\/index.php\/wp-json\/wp\/v2\/posts"}],"about":[{"href":"https:\/\/nvnoticias.mx\/index.php\/wp-json\/wp\/v2\/types\/post"}],"author":[{"embeddable":true,"href":"https:\/\/nvnoticias.mx\/index.php\/wp-json\/wp\/v2\/users\/8"}],"replies":[{"embeddable":true,"href":"https:\/\/nvnoticias.mx\/index.php\/wp-json\/wp\/v2\/comments?post=60280"}],"version-history":[{"count":1,"href":"https:\/\/nvnoticias.mx\/index.php\/wp-json\/wp\/v2\/posts\/60280\/revisions"}],"predecessor-version":[{"id":60283,"href":"https:\/\/nvnoticias.mx\/index.php\/wp-json\/wp\/v2\/posts\/60280\/revisions\/60283"}],"wp:featuredmedia":[{"embeddable":true,"href":"https:\/\/nvnoticias.mx\/index.php\/wp-json\/wp\/v2\/media\/60282"}],"wp:attachment":[{"href":"https:\/\/nvnoticias.mx\/index.php\/wp-json\/wp\/v2\/media?parent=60280"}],"wp:term":[{"taxonomy":"category","embeddable":true,"href":"https:\/\/nvnoticias.mx\/index.php\/wp-json\/wp\/v2\/categories?post=60280"},{"taxonomy":"post_tag","embeddable":true,"href":"https:\/\/nvnoticias.mx\/index.php\/wp-json\/wp\/v2\/tags?post=60280"}],"curies":[{"name":"wp","href":"https:\/\/api.w.org\/{rel}","templated":true}]}}