{"id":60230,"date":"2022-06-17T11:03:54","date_gmt":"2022-06-17T16:03:54","guid":{"rendered":"https:\/\/nvnoticias.mx\/?p=60230"},"modified":"2022-06-17T11:03:55","modified_gmt":"2022-06-17T16:03:55","slug":"entrega-gobierno-de-nl-100-patrullas-a-fuerza-civil-para-combatir-inseguridad","status":"publish","type":"post","link":"https:\/\/nvnoticias.mx\/index.php\/2022\/06\/17\/entrega-gobierno-de-nl-100-patrullas-a-fuerza-civil-para-combatir-inseguridad\/","title":{"rendered":"Entrega Gobierno de NL 100 patrullas a Fuerza Civil para combatir inseguridad"},"content":{"rendered":"\n<p>El gobernador Samuel Garc\u00eda Sep\u00falveda realiz\u00f3 la entrega de 100 patrullas m\u00e1s, un helic\u00f3ptero y tres Black Mambas (carrotanques) a la Fuerza Civil para combatir la delincuencia organizada, con lo cual, adelant\u00f3, nadie podr\u00e1 con el estado de fuerza de Nuevo Le\u00f3n.<\/p>\n\n\n\n<p> El anuncio de dicha inversi\u00f3n se da en medio de la ola de cr\u00edmenes que han azotado a la entidad en lo que va de esta semana.<\/p>\n\n\n\n<p>Por ello, el mandatario estatal destac\u00f3 adem\u00e1s la creaci\u00f3n de una mesa especial entre todas las fuerzas de seguridad de los diferentes gobiernos precisamente para combatir los homicidios dolosos.<\/p>\n\n\n\n<blockquote class=\"wp-block-quote is-layout-flow wp-block-quote-is-layout-flow\"><p> \u201cEsta semana hemos integrado una mesa especial por todas las fuerzas aqu\u00ed presentes para combatir el \u00fanico delito que se ha incrementado, que son los homicidios.&#8221;<\/p><\/blockquote>\n\n\n\n<blockquote class=\"wp-block-quote is-layout-flow wp-block-quote-is-layout-flow\"><p> \u201cEn todos los dem\u00e1s hoy ve\u00edamos los n\u00fameros, patrimoniales, familiares, vamos mejorando y esta es una clara demostraci\u00f3n de que con el estado de fuerza de Nuevo Le\u00f3n nadie puede y nadie podr\u00e1\u201d, dijo. <\/p><\/blockquote>\n\n\n\n<p>En ese sentido, Garc\u00eda Sep\u00falveda coment\u00f3 que muy pronto se ver\u00e1n los resultados en materia de seguridad dadas estas inversiones y adelant\u00f3 que aqu\u00ed en Nuevo Le\u00f3n los \u00fanicos que se van a \u201cfragmentar\u201d son los delincuentes. <\/p>\n\n\n\n<p>De igual forma, el gobernador precis\u00f3 que en los ocho meses que van de su administraci\u00f3n han combatido el d\u00e9ficit de patrullas con la incorporaci\u00f3n de 300 nuevas. Por su parte, Aldo Fasci Zuazua, secretario de Seguridad del Estado, agradeci\u00f3 al gobernador la inversi\u00f3n realizada y adelant\u00f3 que los elementos de la Fuerza Civil se comprometieron a incrementar el n\u00famero de detenciones, las cuales, llevan ya un 30 por ciento m\u00e1s desde que inici\u00f3 el nuevo plan de seguridad.<\/p>\n\n\n\n<blockquote class=\"wp-block-quote is-layout-flow wp-block-quote-is-layout-flow\"><p> \u201cHoy entregamos 100 (patrullas), ya van 294, m\u00e1s las Mambas, m\u00e1s el helic\u00f3ptero, m\u00e1s otras cosas que va a comentar aqu\u00ed el se\u00f1or gobernador. Es un plan para renovar toda la flotilla que son m\u00e1s o menos mil 200 unidades.&#8221;<\/p><\/blockquote>\n\n\n\n<blockquote class=\"wp-block-quote is-layout-flow wp-block-quote-is-layout-flow\"><p> \u201cMuchas gracias tambi\u00e9n por aumentarles el sueldo (a los polic\u00edas de Fuerza Civil), pero ellos tambi\u00e9n hicieron un compromiso de incrementar el n\u00famero de detenidos y esforzarse de mejor manera, y ya lo hicieron, llevan ya 30 por ciento m\u00e1s de detenidos desde que se anunci\u00f3 el plan\u201d, refiri\u00f3. <\/p><\/blockquote>\n\n\n\n<p>Fuente: <a href=\"https:\/\/www.milenio.com\/politica\/gobierno-nuevo-leon-entrega-patrullas-fuerza-civil\" data-type=\"URL\" data-id=\"https:\/\/www.milenio.com\/politica\/gobierno-nuevo-leon-entrega-patrullas-fuerza-civil\">Milenio<\/a><\/p>\n","protected":false},"excerpt":{"rendered":"<p>El gobernador Samuel Garc\u00eda Sep\u00falveda realiz\u00f3 la entrega de 100 patrullas m\u00e1s, un helic\u00f3ptero y tres Black Mambas (carrotanques) a la Fuerza Civil para combatir la delincuencia organizada, con lo cual, adelant\u00f3, nadie podr\u00e1 con el estado de fuerza de Nuevo Le\u00f3n. El anuncio de dicha inversi\u00f3n se da en medio de la ola de [&hellip;]<\/p>\n","protected":false},"author":35,"featured_media":13052,"comment_status":"open","ping_status":"open","sticky":false,"template":"","format":"standard","meta":{"_monsterinsights_skip_tracking":false,"_monsterinsights_sitenote_active":false,"_monsterinsights_sitenote_note":"","_monsterinsights_sitenote_category":0,"footnotes":""},"categories":[158],"tags":[14052,6439,1387,16131,347,16132],"class_list":["post-60230","post","type-post","status-publish","format-standard","has-post-thumbnail","hentry","category-politica","tag-combatir","tag-entrega","tag-fuerza-civil","tag-gobierno-de-nuevo-leon","tag-inseguridad","tag-patrullas","wp-image-borders"],"amp_enabled":true,"_links":{"self":[{"href":"https:\/\/nvnoticias.mx\/index.php\/wp-json\/wp\/v2\/posts\/60230","targetHints":{"allow":["GET"]}}],"collection":[{"href":"https:\/\/nvnoticias.mx\/index.php\/wp-json\/wp\/v2\/posts"}],"about":[{"href":"https:\/\/nvnoticias.mx\/index.php\/wp-json\/wp\/v2\/types\/post"}],"author":[{"embeddable":true,"href":"https:\/\/nvnoticias.mx\/index.php\/wp-json\/wp\/v2\/users\/35"}],"replies":[{"embeddable":true,"href":"https:\/\/nvnoticias.mx\/index.php\/wp-json\/wp\/v2\/comments?post=60230"}],"version-history":[{"count":1,"href":"https:\/\/nvnoticias.mx\/index.php\/wp-json\/wp\/v2\/posts\/60230\/revisions"}],"predecessor-version":[{"id":60232,"href":"https:\/\/nvnoticias.mx\/index.php\/wp-json\/wp\/v2\/posts\/60230\/revisions\/60232"}],"wp:featuredmedia":[{"embeddable":true,"href":"https:\/\/nvnoticias.mx\/index.php\/wp-json\/wp\/v2\/media\/13052"}],"wp:attachment":[{"href":"https:\/\/nvnoticias.mx\/index.php\/wp-json\/wp\/v2\/media?parent=60230"}],"wp:term":[{"taxonomy":"category","embeddable":true,"href":"https:\/\/nvnoticias.mx\/index.php\/wp-json\/wp\/v2\/categories?post=60230"},{"taxonomy":"post_tag","embeddable":true,"href":"https:\/\/nvnoticias.mx\/index.php\/wp-json\/wp\/v2\/tags?post=60230"}],"curies":[{"name":"wp","href":"https:\/\/api.w.org\/{rel}","templated":true}]}}