{"id":60228,"date":"2022-06-17T11:00:22","date_gmt":"2022-06-17T16:00:22","guid":{"rendered":"https:\/\/nvnoticias.mx\/?p=60228"},"modified":"2022-06-17T11:00:22","modified_gmt":"2022-06-17T16:00:22","slug":"crimen-controla-la-cadena-productiva-de-basicos-en-guerrero","status":"publish","type":"post","link":"https:\/\/nvnoticias.mx\/index.php\/2022\/06\/17\/crimen-controla-la-cadena-productiva-de-basicos-en-guerrero\/","title":{"rendered":"Crimen controla la cadena productiva de b\u00e1sicos en Guerrero"},"content":{"rendered":"\n<p>El crimen organizado en Guerrero logr\u00f3 penetrar la cadena productiva de insumos b\u00e1sicos, desde la producci\u00f3n, la distribuci\u00f3n y la venta de productos como el jitomate, el aguacate, el lim\u00f3n o la carne, dejando al pollo como el \u00faltimo basti\u00f3n de una lista de alimentos que no hab\u00eda podido ser cooptado por la mafia. <\/p>\n\n\n\n<p>De acuerdo con los comerciantes, bandas como Los Tlacos\u00a0y\u00a0Los Ardillos\u00a0son las que se disputan esos mercados, principalmente el del pollo;\u00a0incluso operan a trav\u00e9s de familiares y construyen\u00a0redes de repartici\u00f3n que usan la ruta de Chilpancingo a Petaquillas.<\/p>\n\n\n\n<p> Los atentados contra trabajadores y distribuidores de pollo originarios de la comunidad de Petaquillas, as\u00ed como la repentina reactivaci\u00f3n en las ventas, dejaron en evidencia c\u00f3mo las organizaciones delincuenciales ya controlan las cadenas de suministro, utilizando la violencia y el miedo como m\u00e9todo de presi\u00f3n. <\/p>\n\n\n\n<p>Las denuncias surgieron desde los mercados p\u00fablicos de Chilpancingo, entre cuchillos y pescuezos, despu\u00e9s de tres d\u00edas de escasez y de por lo menos ocho asesinatos. <\/p>\n\n\n\n<p>Empleados y propietarios de comercios dedicados a la venta y distribuci\u00f3n de pollo  describieron\u00a0el modelo de negocio, que comienza con granjas financiadas por el crimen, repartidores que distribuyen en transporte p\u00fablico las aves\u00a0y que termina con la venta al menudeo.<\/p>\n\n\n\n<p> \u201cNos marcaron anoche y nos dijeron \u2018ya tenemos pollo\u2019\u201d, confi\u00f3 una vendedora, quien dijo que los comerciantes se vieron obligados a replantear la viabilidad del negocio. Sin embargo, reconoci\u00f3 que el cierre de negocios sirvi\u00f3 \u201cpara llamar la atenci\u00f3n a las autoridades de que existe un problema real\u201d. <\/p>\n\n\n\n<p>Fuente: <a href=\"https:\/\/www.milenio.com\/politica\/guerrero-crimen-controla-cadena-productiva-basicos\" data-type=\"URL\" data-id=\"https:\/\/www.milenio.com\/politica\/guerrero-crimen-controla-cadena-productiva-basicos\">Milenio<\/a><\/p>\n","protected":false},"excerpt":{"rendered":"<p>El crimen organizado en Guerrero logr\u00f3 penetrar la cadena productiva de insumos b\u00e1sicos, desde la producci\u00f3n, la distribuci\u00f3n y la venta de productos como el jitomate, el aguacate, el lim\u00f3n o la carne, dejando al pollo como el \u00faltimo basti\u00f3n de una lista de alimentos que no hab\u00eda podido ser cooptado por la mafia. De [&hellip;]<\/p>\n","protected":false},"author":35,"featured_media":31865,"comment_status":"open","ping_status":"open","sticky":false,"template":"","format":"standard","meta":{"_monsterinsights_skip_tracking":false,"_monsterinsights_sitenote_active":false,"_monsterinsights_sitenote_note":"","_monsterinsights_sitenote_category":0,"footnotes":""},"categories":[157],"tags":[16130,15406,16127,336,2231,16128],"class_list":["post-60228","post","type-post","status-publish","format-standard","has-post-thumbnail","hentry","category-nacional","tag-basicos","tag-cadena","tag-controla","tag-crimen","tag-guerrero","tag-productiva","wp-image-borders"],"amp_enabled":true,"_links":{"self":[{"href":"https:\/\/nvnoticias.mx\/index.php\/wp-json\/wp\/v2\/posts\/60228","targetHints":{"allow":["GET"]}}],"collection":[{"href":"https:\/\/nvnoticias.mx\/index.php\/wp-json\/wp\/v2\/posts"}],"about":[{"href":"https:\/\/nvnoticias.mx\/index.php\/wp-json\/wp\/v2\/types\/post"}],"author":[{"embeddable":true,"href":"https:\/\/nvnoticias.mx\/index.php\/wp-json\/wp\/v2\/users\/35"}],"replies":[{"embeddable":true,"href":"https:\/\/nvnoticias.mx\/index.php\/wp-json\/wp\/v2\/comments?post=60228"}],"version-history":[{"count":1,"href":"https:\/\/nvnoticias.mx\/index.php\/wp-json\/wp\/v2\/posts\/60228\/revisions"}],"predecessor-version":[{"id":60229,"href":"https:\/\/nvnoticias.mx\/index.php\/wp-json\/wp\/v2\/posts\/60228\/revisions\/60229"}],"wp:featuredmedia":[{"embeddable":true,"href":"https:\/\/nvnoticias.mx\/index.php\/wp-json\/wp\/v2\/media\/31865"}],"wp:attachment":[{"href":"https:\/\/nvnoticias.mx\/index.php\/wp-json\/wp\/v2\/media?parent=60228"}],"wp:term":[{"taxonomy":"category","embeddable":true,"href":"https:\/\/nvnoticias.mx\/index.php\/wp-json\/wp\/v2\/categories?post=60228"},{"taxonomy":"post_tag","embeddable":true,"href":"https:\/\/nvnoticias.mx\/index.php\/wp-json\/wp\/v2\/tags?post=60228"}],"curies":[{"name":"wp","href":"https:\/\/api.w.org\/{rel}","templated":true}]}}