{"id":6021,"date":"2021-02-27T14:40:37","date_gmt":"2021-02-27T20:40:37","guid":{"rendered":"https:\/\/nvnoticias.mx\/?p=6021"},"modified":"2021-02-27T15:07:56","modified_gmt":"2021-02-27T21:07:56","slug":"nombran-al-nuevo-parroco-de-la-catedral-de-veracruz","status":"publish","type":"post","link":"https:\/\/nvnoticias.mx\/index.php\/2021\/02\/27\/nombran-al-nuevo-parroco-de-la-catedral-de-veracruz\/","title":{"rendered":"Nombran al nuevo p\u00e1rroco de la Catedral de Veracruz"},"content":{"rendered":"\n<p><strong>Jes\u00fas Utrilla \/ NV Noticias<\/strong><\/p>\n\n\n\n<p>El obispo de Veracruz, Carlos Brise\u00f1o Arch nombr\u00f3 a p\u00e1rrocos de diversas iglesias, entre ellos a Aurelio Mojica Lim\u00f3n, quien ser\u00e1 el nuevo p\u00e1rroco de la Catedral de Veracruz.<\/p>\n\n\n\n<p>Cabe mencionar que luego del fallecimiento del Padre V\u00edctor Manuel D\u00edaz Mendoza qued\u00f3 vacante dicho espacio en la Catedral.<\/p>\n\n\n\n<p>El nuevo p\u00e1rroco se comprometi\u00f3 a dar continuidad a los proyectos en desarrollo.<\/p>\n\n\n\n<p>Se\u00f1al\u00f3 que ser\u00e1 un buen apoyo en la Catedral de Veracruz y agradeci\u00f3 la confianza del obispo.<\/p>\n\n\n\n<blockquote class=\"wp-block-quote is-layout-flow wp-block-quote-is-layout-flow\"><p>\u201cSeguiremos en oraci\u00f3n para seguir con esta obra ya que se necesita de mucha labor y apoyo para continuar con ello. Venimos a apoyar, estamos en una carrera de relevos en esto y cada quien va aportando\u201d.<\/p><\/blockquote>\n\n\n\n<p>Tambi\u00e9n se\u00f1al\u00f3 que mantendr\u00e1 el trabajo con las comunidades y los feligreses en general.<\/p>\n\n\n\n<blockquote class=\"wp-block-quote is-layout-flow wp-block-quote-is-layout-flow\"><p>\u201cLa percepci\u00f3n que tiene uno es de llevar una buena labor en lo pastoral. Lo que implica acompa\u00f1ar a la gente es una gran responsabilidad pero con la ayuda De Dios vamos a seguir trabajando\u201d.<\/p><\/blockquote>\n\n\n\n<p>El Padre Aurelio fue p\u00e1rroco en la parroquia La Pastora y posteriormente se hizo cargo de la parroquia Santa Rita, en el Fraccionamiento Reforma.<\/p>\n\n\n\n<p>Durante el acto protocolario ese dio lectura a los nombramientos de todos los p\u00e1rrocos. Entre ellos:<\/p>\n\n\n\n<p><em>Pbro. Doc. Guillermo Arturo Ram\u00edrez Mart\u00ednez<\/em><br>Responsable Diocesano de las Escuelas de Perd\u00f3n y Reconciliaci\u00f3n-Eclesial.<\/p>\n\n\n\n<p><em>Pbro. Braulio Fragoso Ferrer<\/em><br>P\u00e1rroco de Sagrado Coraz\u00f3n de Jes\u00fas, en Ignacio de la Llave, Ver.<\/p>\n\n\n\n<p><em>Pbro. Rodolfo Arturo D\u00edaz Arechavaleta<\/em><br>Secretario Canciller de la Curia Diocesana de Veracruz, entre otros.<\/p>\n\n\n\n<p>Foto: Di\u00f3cesis de Veracruz<\/p>\n","protected":false},"excerpt":{"rendered":"<p>Jes\u00fas Utrilla \/ NV Noticias El obispo de Veracruz, Carlos Brise\u00f1o Arch nombr\u00f3 a p\u00e1rrocos de diversas iglesias, entre ellos a Aurelio Mojica Lim\u00f3n, quien ser\u00e1 el nuevo p\u00e1rroco de la Catedral de Veracruz. Cabe mencionar que luego del fallecimiento del Padre V\u00edctor Manuel D\u00edaz Mendoza qued\u00f3 vacante dicho espacio en la Catedral. El nuevo [&hellip;]<\/p>\n","protected":false},"author":7,"featured_media":6025,"comment_status":"open","ping_status":"open","sticky":false,"template":"","format":"standard","meta":{"_monsterinsights_skip_tracking":false,"_monsterinsights_sitenote_active":false,"_monsterinsights_sitenote_note":"","_monsterinsights_sitenote_category":0,"footnotes":""},"categories":[154],"tags":[1834,1833,1832,1835],"class_list":["post-6021","post","type-post","status-publish","format-standard","has-post-thumbnail","hentry","category-veracruz","tag-aurelio-mojica-limon","tag-carlos-briseno-arch","tag-catedral-de-veracruz","tag-parroco","wp-image-borders"],"amp_enabled":true,"_links":{"self":[{"href":"https:\/\/nvnoticias.mx\/index.php\/wp-json\/wp\/v2\/posts\/6021","targetHints":{"allow":["GET"]}}],"collection":[{"href":"https:\/\/nvnoticias.mx\/index.php\/wp-json\/wp\/v2\/posts"}],"about":[{"href":"https:\/\/nvnoticias.mx\/index.php\/wp-json\/wp\/v2\/types\/post"}],"author":[{"embeddable":true,"href":"https:\/\/nvnoticias.mx\/index.php\/wp-json\/wp\/v2\/users\/7"}],"replies":[{"embeddable":true,"href":"https:\/\/nvnoticias.mx\/index.php\/wp-json\/wp\/v2\/comments?post=6021"}],"version-history":[{"count":2,"href":"https:\/\/nvnoticias.mx\/index.php\/wp-json\/wp\/v2\/posts\/6021\/revisions"}],"predecessor-version":[{"id":6030,"href":"https:\/\/nvnoticias.mx\/index.php\/wp-json\/wp\/v2\/posts\/6021\/revisions\/6030"}],"wp:featuredmedia":[{"embeddable":true,"href":"https:\/\/nvnoticias.mx\/index.php\/wp-json\/wp\/v2\/media\/6025"}],"wp:attachment":[{"href":"https:\/\/nvnoticias.mx\/index.php\/wp-json\/wp\/v2\/media?parent=6021"}],"wp:term":[{"taxonomy":"category","embeddable":true,"href":"https:\/\/nvnoticias.mx\/index.php\/wp-json\/wp\/v2\/categories?post=6021"},{"taxonomy":"post_tag","embeddable":true,"href":"https:\/\/nvnoticias.mx\/index.php\/wp-json\/wp\/v2\/tags?post=6021"}],"curies":[{"name":"wp","href":"https:\/\/api.w.org\/{rel}","templated":true}]}}