{"id":60016,"date":"2022-06-16T12:15:21","date_gmt":"2022-06-16T17:15:21","guid":{"rendered":"https:\/\/nvnoticias.mx\/?p=60016"},"modified":"2022-06-16T12:15:23","modified_gmt":"2022-06-16T17:15:23","slug":"trabajan-mexico-y-eu-para-incorporar-drones-en-espacio-aereo","status":"publish","type":"post","link":"https:\/\/nvnoticias.mx\/index.php\/2022\/06\/16\/trabajan-mexico-y-eu-para-incorporar-drones-en-espacio-aereo\/","title":{"rendered":"Trabajan M\u00e9xico y EU para incorporar drones en espacio a\u00e9reo"},"content":{"rendered":"\n<p>Los trabajos de la\u00a0Administraci\u00f3n Federal de Aviaci\u00f3n de Estados Unidos\u00a0(<strong>FAA<\/strong>) con el gobierno de\u00a0<strong>M\u00e9xico\u00a0<\/strong>no solamente se han centrado en la recuperaci\u00f3n de la categor\u00eda 1 del sector, sino tambi\u00e9n\u00a0<strong>se est\u00e1 buscando la incorporaci\u00f3n de\u00a0drones\u00a0en el espacio a\u00e9reo nacional<\/strong>.<\/p>\n\n\n\n<p>En una comunicaci\u00f3n con la<strong>&nbsp;Asociaci\u00f3n Latinoamericana y del Caribe del Transporte A\u00e9reo (ALTA), Billy Nolen<\/strong>, administrador interino de la&nbsp;<strong>FAA<\/strong>, revel\u00f3 que en este aspecto se est\u00e1 colaborando con la&nbsp;<strong>Agencia Federal de Aviaci\u00f3n Civil (AFAC).<\/strong><\/p>\n\n\n\n<blockquote class=\"wp-block-quote is-layout-flow wp-block-quote-is-layout-flow\"><p>\u201cLa&nbsp;<strong>FAA&nbsp;<\/strong>colabora estrechamente con&nbsp;<strong>M\u00e9xico&nbsp;<\/strong>en otros asuntos importantes de la&nbsp;<strong>aeron\u00e1utica civil,&nbsp;<\/strong>como la&nbsp;<a href=\"https:\/\/www.milenio.com\/temas\/ciberseguridad\" target=\"_blank\" rel=\"noreferrer noopener\">ciberseguridad<\/a>&nbsp;y la incorporaci\u00f3n de drones al complejo espacio a\u00e9reo\u201d, indic\u00f3 el funcionario.<\/p><\/blockquote>\n\n\n\n<p><strong>M\u00e9xico&nbsp;<\/strong>es el mayor destino de los pasajeros a\u00e9reos estadunidenses, por lo que garantizar su seguridad es nuestro objetivo com\u00fan, dijo Billy Nolen.<\/p>\n\n\n\n<p>Asimismo, el administrador interino de la\u00a0<strong>FAA\u00a0<\/strong>coment\u00f3 que contin\u00faan brindando asesor\u00eda t\u00e9cnica a la\u00a0<strong>AFAC<\/strong>, a fin de contribuir a que su sistema de aviaci\u00f3n cumpla con las normas internacionales establecidas por la Organizaci\u00f3n de Aviaci\u00f3n Civil Internacional (OACI).<\/p>\n\n\n\n<p>Fuente: <a href=\"https:\/\/www.milenio.com\/negocios\/mexico-eu-buscan-incorporar-drones-espacio-aereo\" data-type=\"URL\" data-id=\"https:\/\/www.milenio.com\/negocios\/mexico-eu-buscan-incorporar-drones-espacio-aereo\">Milenio<\/a><\/p>\n","protected":false},"excerpt":{"rendered":"<p>Los trabajos de la\u00a0Administraci\u00f3n Federal de Aviaci\u00f3n de Estados Unidos\u00a0(FAA) con el gobierno de\u00a0M\u00e9xico\u00a0no solamente se han centrado en la recuperaci\u00f3n de la categor\u00eda 1 del sector, sino tambi\u00e9n\u00a0se est\u00e1 buscando la incorporaci\u00f3n de\u00a0drones\u00a0en el espacio a\u00e9reo nacional. En una comunicaci\u00f3n con la&nbsp;Asociaci\u00f3n Latinoamericana y del Caribe del Transporte A\u00e9reo (ALTA), Billy Nolen, administrador interino [&hellip;]<\/p>\n","protected":false},"author":35,"featured_media":60024,"comment_status":"open","ping_status":"open","sticky":false,"template":"","format":"standard","meta":{"_monsterinsights_skip_tracking":false,"_monsterinsights_sitenote_active":false,"_monsterinsights_sitenote_note":"","_monsterinsights_sitenote_category":0,"footnotes":""},"categories":[157],"tags":[15838,16065,2113,183,16064,292,9007],"class_list":["post-60016","post","type-post","status-publish","format-standard","has-post-thumbnail","hentry","category-nacional","tag-aereos","tag-drones","tag-espacio","tag-estados-unidos","tag-incorporar","tag-mexico","tag-trabajan","wp-image-borders"],"amp_enabled":true,"_links":{"self":[{"href":"https:\/\/nvnoticias.mx\/index.php\/wp-json\/wp\/v2\/posts\/60016","targetHints":{"allow":["GET"]}}],"collection":[{"href":"https:\/\/nvnoticias.mx\/index.php\/wp-json\/wp\/v2\/posts"}],"about":[{"href":"https:\/\/nvnoticias.mx\/index.php\/wp-json\/wp\/v2\/types\/post"}],"author":[{"embeddable":true,"href":"https:\/\/nvnoticias.mx\/index.php\/wp-json\/wp\/v2\/users\/35"}],"replies":[{"embeddable":true,"href":"https:\/\/nvnoticias.mx\/index.php\/wp-json\/wp\/v2\/comments?post=60016"}],"version-history":[{"count":3,"href":"https:\/\/nvnoticias.mx\/index.php\/wp-json\/wp\/v2\/posts\/60016\/revisions"}],"predecessor-version":[{"id":60022,"href":"https:\/\/nvnoticias.mx\/index.php\/wp-json\/wp\/v2\/posts\/60016\/revisions\/60022"}],"wp:featuredmedia":[{"embeddable":true,"href":"https:\/\/nvnoticias.mx\/index.php\/wp-json\/wp\/v2\/media\/60024"}],"wp:attachment":[{"href":"https:\/\/nvnoticias.mx\/index.php\/wp-json\/wp\/v2\/media?parent=60016"}],"wp:term":[{"taxonomy":"category","embeddable":true,"href":"https:\/\/nvnoticias.mx\/index.php\/wp-json\/wp\/v2\/categories?post=60016"},{"taxonomy":"post_tag","embeddable":true,"href":"https:\/\/nvnoticias.mx\/index.php\/wp-json\/wp\/v2\/tags?post=60016"}],"curies":[{"name":"wp","href":"https:\/\/api.w.org\/{rel}","templated":true}]}}