{"id":59899,"date":"2022-06-15T15:43:36","date_gmt":"2022-06-15T20:43:36","guid":{"rendered":"https:\/\/nvnoticias.mx\/?p=59899"},"modified":"2022-06-15T15:43:37","modified_gmt":"2022-06-15T20:43:37","slug":"llegara-pretty-little-liars-original-sin-a-hbomax-en-julio","status":"publish","type":"post","link":"https:\/\/nvnoticias.mx\/index.php\/2022\/06\/15\/llegara-pretty-little-liars-original-sin-a-hbomax-en-julio\/","title":{"rendered":"Llegar\u00e1 &#8216;Pretty Little Liars: Original Sin&#8217; a HBOMax en julio"},"content":{"rendered":"\n<p>\u00a0<\/p>\n\n\n\n<p><em>Pretty Little Liars: Original Sin<\/em>\u00a0estrenar\u00e1 su temporada de diez episodios el 28 de julio con tres episodios.\u00a0Dos nuevos episodios seguir\u00e1n el 4 y el 11 de agosto, y los \u00faltimos tres episodios debutar\u00e1n el 18 de agosto.<\/p>\n\n\n\n<p>Con producci\u00f3n ejecutiva y gui\u00f3n de\u00a0Roberto Aguirre-Sacasa\u00a0(\u00a0<em>Riverdale<\/em>\u00a0) y coproducci\u00f3n ejecutiva y gui\u00f3n de Lindsay Calhoon Bring (\u00a0<em>Chilling Adventures of Sabrina<\/em>\u00a0), el oscuro melodrama adolescente presenta una nueva generaci\u00f3n de mentirosas que son atormentadas por A, un asesino enmascarado. Empe\u00f1ados en castigarlas por los pecados de sus madres, as\u00ed como por los suyos propios.<\/p>\n\n\n\n<p>Aqu\u00ed est\u00e1 la descripci\u00f3n oficial: Hace veinte a\u00f1os, una serie de eventos tr\u00e1gicos casi destroz\u00f3 la ciudad obrera de Millwood.\u00a0Ahora, en la actualidad, un grupo completamente nuevo de Little Liars, se encuentran atormentadas por un asaltante desconocido y obligadas a pagar por el pecado secreto cometido por sus padres hace dos d\u00e9cadas&#8230; as\u00ed como por el suyo propio. En el drama oscuro, sobre la mayor\u00eda de edad y te\u00f1ido de horror,\u00a0<em>Original Sin<\/em>\u00a0, nos encontramos a millas de distancia de Rosewood, pero dentro del universo existente de Pretty Little Liars, en una ciudad completamente nueva, con una nueva generaci\u00f3n de Little Liars.<\/p>\n\n\n\n<p>Fuente: <a href=\"https:\/\/deadline.com\/2022\/06\/pretty-little-liars-original-sin-july-premiere-hbo-max-1235046163\/\" data-type=\"URL\" data-id=\"https:\/\/deadline.com\/2022\/06\/pretty-little-liars-original-sin-july-premiere-hbo-max-1235046163\/\">Deadline<\/a><\/p>\n","protected":false},"excerpt":{"rendered":"<p>\u00a0 Pretty Little Liars: Original Sin\u00a0estrenar\u00e1 su temporada de diez episodios el 28 de julio con tres episodios.\u00a0Dos nuevos episodios seguir\u00e1n el 4 y el 11 de agosto, y los \u00faltimos tres episodios debutar\u00e1n el 18 de agosto. Con producci\u00f3n ejecutiva y gui\u00f3n de\u00a0Roberto Aguirre-Sacasa\u00a0(\u00a0Riverdale\u00a0) y coproducci\u00f3n ejecutiva y gui\u00f3n de Lindsay Calhoon Bring (\u00a0Chilling [&hellip;]<\/p>\n","protected":false},"author":35,"featured_media":59906,"comment_status":"open","ping_status":"open","sticky":false,"template":"","format":"standard","meta":{"_monsterinsights_skip_tracking":false,"_monsterinsights_sitenote_active":false,"_monsterinsights_sitenote_note":"","_monsterinsights_sitenote_category":0,"footnotes":""},"categories":[576],"tags":[4693,6629,16041],"class_list":["post-59899","post","type-post","status-publish","format-standard","has-post-thumbnail","hentry","category-ocio","tag-hbo","tag-hbomax","tag-pretty-little-liars-original-sin","wp-image-borders"],"amp_enabled":true,"_links":{"self":[{"href":"https:\/\/nvnoticias.mx\/index.php\/wp-json\/wp\/v2\/posts\/59899","targetHints":{"allow":["GET"]}}],"collection":[{"href":"https:\/\/nvnoticias.mx\/index.php\/wp-json\/wp\/v2\/posts"}],"about":[{"href":"https:\/\/nvnoticias.mx\/index.php\/wp-json\/wp\/v2\/types\/post"}],"author":[{"embeddable":true,"href":"https:\/\/nvnoticias.mx\/index.php\/wp-json\/wp\/v2\/users\/35"}],"replies":[{"embeddable":true,"href":"https:\/\/nvnoticias.mx\/index.php\/wp-json\/wp\/v2\/comments?post=59899"}],"version-history":[{"count":6,"href":"https:\/\/nvnoticias.mx\/index.php\/wp-json\/wp\/v2\/posts\/59899\/revisions"}],"predecessor-version":[{"id":59905,"href":"https:\/\/nvnoticias.mx\/index.php\/wp-json\/wp\/v2\/posts\/59899\/revisions\/59905"}],"wp:featuredmedia":[{"embeddable":true,"href":"https:\/\/nvnoticias.mx\/index.php\/wp-json\/wp\/v2\/media\/59906"}],"wp:attachment":[{"href":"https:\/\/nvnoticias.mx\/index.php\/wp-json\/wp\/v2\/media?parent=59899"}],"wp:term":[{"taxonomy":"category","embeddable":true,"href":"https:\/\/nvnoticias.mx\/index.php\/wp-json\/wp\/v2\/categories?post=59899"},{"taxonomy":"post_tag","embeddable":true,"href":"https:\/\/nvnoticias.mx\/index.php\/wp-json\/wp\/v2\/tags?post=59899"}],"curies":[{"name":"wp","href":"https:\/\/api.w.org\/{rel}","templated":true}]}}